{"id":156499,"date":"2016-10-25T23:20:55","date_gmt":"2016-10-25T21:20:55","guid":{"rendered":"http:\/\/www.fuldaer-nachrichten.de\/?p=156499"},"modified":"2016-10-25T23:20:55","modified_gmt":"2016-10-25T21:20:55","slug":"jury-erzielte-einigung-entscheidung-ueber-elisabeth-preistraeger-2016-gefaellt","status":"publish","type":"post","link":"https:\/\/www.fuldaernachrichten.de\/?p=156499","title":{"rendered":"Jury erzielte Einigung: Entscheidung \u00fcber Elisabeth-Preistr\u00e4ger 2016 gef\u00e4llt"},"content":{"rendered":"<p>Die Jury hat getagt, die Entscheidung f\u00fcr den Elisabeth-Preis 2016, ausgeschrieben und mit einem Preisgeld in H\u00f6he von 3.000 Euro ausgestattet vom Caritasverband f\u00fcr die Di\u00f6zese Fulda, ist gefallen: In einer Sitzung im Caritas-Haus am Dom sichteten die Jury-Mitglieder nochmals abschlie\u00dfend die eingereichten Projektunterlagen und f\u00e4llten nach Aussprache und Diskussion einm\u00fctig ihre Entscheidung. Welchem Projekt letztendlich der Elisabeth-Preis zuerkannt wurde, bleibt allerdings noch geheim: Nur die Teilnehmer am siebten Wettbewerb um den Sozialpreis werden selbstverst\u00e4ndlich in den kommenden Tagen \u00fcber das Ergebnis benachrichtigt. Der Festakt mit Bekanntgabe des Preistr\u00e4gers findet dann am Freitag, 18. November 2016, nach einem Festgottesdienst in der Stadtpfarrkirche, um 10.00 Uhr im Marmorsaal des Fuldaer Schlosses statt.<\/p>\n<p>Ziel des Fuldaer Elisabeth-Preises ist es, herausragendes ehrenamtliches Engagement im Bistum sichtbar zu machen und durch den Preis und die damit verbundene \u00f6ffentliche Aufmerksamkeit\u00c2\u00a0 wertzusch\u00e4tzen. Die Jury setzt sich aus Vertretern von Politik, Wirtschaft, Medien und Kirche zusammen, das Thema des Wettbewerbs orientiert sich an der jeweiligen aktuellen Caritas-Kampagne. Dieses Jahr dreht es sich unter dem Slogan \u201eMach dich stark f\u00fcr Generationengerechtigkeit\u201c um ein solidarisches und unterst\u00fctzendes Miteinander der\u00c2\u00a0 verschiedenen Generationen in Deutschland. Interessierte finden mehr zur Caritas-Kampagne\u00c2\u00a0 im Internet unter www.starke-generationen.de.<\/p>\n<p>Unser Foto entstand bei der Jurysitzung und zeigt (v. li.) Christel Presber von der LandesEhrenamtsagentur Hessen, Staatssekret\u00e4r Dr. Wolfgang Dippel, den Caritas-Aufsichtsratsvorsitzenden Msgr. Elmar Gurk sowie HR-Moderator Hermann Diel. Drei Jury-Mitglieder fehlten bei der Sitzung und konnten ihre Voten schriftlich abgeben. Es ist geplant, im\u00c2\u00a0 Fr\u00fchjahr 2017 den Elisabeth-Preis erneut auszuschreiben.<\/p>\n","protected":false},"excerpt":{"rendered":"<div class=\"tmnf_excerpt\"><p>Die Jury hat getagt, die Entscheidung f\u00fcr den Elisabeth-Preis 2016, ausgeschrieben und mit einem Preisgeld in H\u00f6he von 3.000 Euro ausgestattet vom Caritasverband f\u00fcr die Di\u00f6zese Fulda, ist gefallen: In einer Sitzung im Caritas-Haus am Dom sichteten die Jury-Mitglieder nochmals abschlie\u00dfend die eingereichten Projektunterlagen und f\u00e4llten nach Aussprache und Diskussion einm\u00fctig ihre Entscheidung. Welchem Projekt &hellip;<\/p>\n<\/div>","protected":false},"author":1,"featured_media":156504,"comment_status":"closed","ping_status":"closed","sticky":false,"template":"","format":"standard","meta":{"footnotes":""},"categories":[1],"tags":[],"class_list":["post-156499","post","type-post","status-publish","format-standard","has-post-thumbnail","hentry","category-startseite"],"_links":{"self":[{"href":"https:\/\/www.fuldaernachrichten.de\/index.php?rest_route=\/wp\/v2\/posts\/156499","targetHints":{"allow":["GET"]}}],"collection":[{"href":"https:\/\/www.fuldaernachrichten.de\/index.php?rest_route=\/wp\/v2\/posts"}],"about":[{"href":"https:\/\/www.fuldaernachrichten.de\/index.php?rest_route=\/wp\/v2\/types\/post"}],"author":[{"embeddable":true,"href":"https:\/\/www.fuldaernachrichten.de\/index.php?rest_route=\/wp\/v2\/users\/1"}],"replies":[{"embeddable":true,"href":"https:\/\/www.fuldaernachrichten.de\/index.php?rest_route=%2Fwp%2Fv2%2Fcomments&post=156499"}],"version-history":[{"count":1,"href":"https:\/\/www.fuldaernachrichten.de\/index.php?rest_route=\/wp\/v2\/posts\/156499\/revisions"}],"predecessor-version":[{"id":156505,"href":"https:\/\/www.fuldaernachrichten.de\/index.php?rest_route=\/wp\/v2\/posts\/156499\/revisions\/156505"}],"wp:featuredmedia":[{"embeddable":true,"href":"https:\/\/www.fuldaernachrichten.de\/index.php?rest_route=\/wp\/v2\/media\/156504"}],"wp:attachment":[{"href":"https:\/\/www.fuldaernachrichten.de\/index.php?rest_route=%2Fwp%2Fv2%2Fmedia&parent=156499"}],"wp:term":[{"taxonomy":"category","embeddable":true,"href":"https:\/\/www.fuldaernachrichten.de\/index.php?rest_route=%2Fwp%2Fv2%2Fcategories&post=156499"},{"taxonomy":"post_tag","embeddable":true,"href":"https:\/\/www.fuldaernachrichten.de\/index.php?rest_route=%2Fwp%2Fv2%2Ftags&post=156499"}],"curies":[{"name":"wp","href":"https:\/\/api.w.org\/{rel}","templated":true}]}}