{"id":156497,"date":"2016-10-25T23:20:21","date_gmt":"2016-10-25T21:20:21","guid":{"rendered":"http:\/\/www.fuldaer-nachrichten.de\/?p=156497"},"modified":"2016-10-25T23:20:21","modified_gmt":"2016-10-25T21:20:21","slug":"milch-und-mehr-da-ich-keinen-kaese-mag-mache-ich-eis","status":"publish","type":"post","link":"https:\/\/www.fuldaernachrichten.de\/?p=156497","title":{"rendered":"Milch und Mehr \u2013 \u201eDa ich keinen K\u00e4se mag, mache ich Eis\u00e2\u20ac\u00a6\u201c"},"content":{"rendered":"<p>\u00dcber Milch und Mehr, Alternativen zu schlechten Milchpreisen, konnten sich ca. 35 Landwirte am 6. Oktober in Schenklengsfeld informieren. Sigrid Wetterau vom Regionalforum Hersfeld-Rotenburg lud in Kooperation mit Antje Voll vom Verein Natur- und Lebensraum Rh\u00f6n zu dieser Veranstaltung in die Kuppenrh\u00f6n.<\/p>\n<p>\u201eDa ich keinen K\u00e4se mag, mache ich Eis\u201c war dabei eine Aussage von Peter Vogel, Biohof Vogel, Kneshecke. Er stellte an diesem Abend seine Alternative f\u00fcr schlechte Milchpreise vor. Anstelle die komplette Milch seiner K\u00fche an die Molkerei zu geben, macht er seit einigen Jahren leckeres Hofeis und kann davon mit seiner Familie auf 40 Hektar mit 40 K\u00fchen sehr gut leben.<\/p>\n<p>Ebenfalls Diversifiziert hat Ihren Hof Katja Richter, die in Brembach bei Gersfeld Original Rh\u00f6ner K\u00e4se herstellt. Sie berichtete von Ihren Anfangsschwierigkeiten um den Status einer Hofk\u00e4serei zu erhalten und gab den Zuh\u00f6ren wertvolle Tipps, was am Anfang alles zu beachten ist, wenn man guten K\u00e4se herstellen m\u00f6chte.<\/p>\n<p>Vorgestellt wurde an diesem Abend auch ein System der Mobilen K\u00e4serei in der Rh\u00f6n, was Janet Emig, landwirtschaftliche Beraterin beim Verein Natur- und Lebensraum Rh\u00f6n, \u00fcbernahm. Um ein breites Feld der Alternativen in der Milchwirtschaft aufzuzeigen, erkl\u00e4rte Heidrun Baier-Linke vom Landesbetrieb Landwirtschaft Hessen, alles was zum Milchautomaten und einer Wirtschaftlichkeitsberechnung dazu geh\u00f6ren.<\/p>\n<p>Erfolgreich wurde die Veranstaltung durch das Wissen und die Begeisterung f\u00fcr das eigene Tun der Referenten \u2013 Aus der Praxis f\u00fcr die Praxis war dabei das Motto. Abschlie\u00dfend blieb die Erkenntnis, wenn man Leidenschaft f\u00fcr das entstehende Produkt, egal ob Milch, K\u00e4se oder Eis hat und Durchhalteverm\u00f6gen besitzt, kann ein landwirtschaftlicher Betrieb auch in der heutigen Zeit mit weniger Tieren \u00fcberleben.<\/p>\n","protected":false},"excerpt":{"rendered":"<div class=\"tmnf_excerpt\"><p>\u00dcber Milch und Mehr, Alternativen zu schlechten Milchpreisen, konnten sich ca. 35 Landwirte am 6. Oktober in Schenklengsfeld informieren. Sigrid Wetterau vom Regionalforum Hersfeld-Rotenburg lud in Kooperation mit Antje Voll vom Verein Natur- und Lebensraum Rh\u00f6n zu dieser Veranstaltung in die Kuppenrh\u00f6n. \u201eDa ich keinen K\u00e4se mag, mache ich Eis\u201c war dabei eine Aussage von &hellip;<\/p>\n<\/div>","protected":false},"author":1,"featured_media":156502,"comment_status":"closed","ping_status":"closed","sticky":false,"template":"","format":"standard","meta":{"footnotes":""},"categories":[1],"tags":[],"class_list":["post-156497","post","type-post","status-publish","format-standard","has-post-thumbnail","hentry","category-startseite"],"_links":{"self":[{"href":"https:\/\/www.fuldaernachrichten.de\/index.php?rest_route=\/wp\/v2\/posts\/156497","targetHints":{"allow":["GET"]}}],"collection":[{"href":"https:\/\/www.fuldaernachrichten.de\/index.php?rest_route=\/wp\/v2\/posts"}],"about":[{"href":"https:\/\/www.fuldaernachrichten.de\/index.php?rest_route=\/wp\/v2\/types\/post"}],"author":[{"embeddable":true,"href":"https:\/\/www.fuldaernachrichten.de\/index.php?rest_route=\/wp\/v2\/users\/1"}],"replies":[{"embeddable":true,"href":"https:\/\/www.fuldaernachrichten.de\/index.php?rest_route=%2Fwp%2Fv2%2Fcomments&post=156497"}],"version-history":[{"count":1,"href":"https:\/\/www.fuldaernachrichten.de\/index.php?rest_route=\/wp\/v2\/posts\/156497\/revisions"}],"predecessor-version":[{"id":156503,"href":"https:\/\/www.fuldaernachrichten.de\/index.php?rest_route=\/wp\/v2\/posts\/156497\/revisions\/156503"}],"wp:featuredmedia":[{"embeddable":true,"href":"https:\/\/www.fuldaernachrichten.de\/index.php?rest_route=\/wp\/v2\/media\/156502"}],"wp:attachment":[{"href":"https:\/\/www.fuldaernachrichten.de\/index.php?rest_route=%2Fwp%2Fv2%2Fmedia&parent=156497"}],"wp:term":[{"taxonomy":"category","embeddable":true,"href":"https:\/\/www.fuldaernachrichten.de\/index.php?rest_route=%2Fwp%2Fv2%2Fcategories&post=156497"},{"taxonomy":"post_tag","embeddable":true,"href":"https:\/\/www.fuldaernachrichten.de\/index.php?rest_route=%2Fwp%2Fv2%2Ftags&post=156497"}],"curies":[{"name":"wp","href":"https:\/\/api.w.org\/{rel}","templated":true}]}}