{"id":156491,"date":"2016-10-25T23:19:44","date_gmt":"2016-10-25T21:19:44","guid":{"rendered":"http:\/\/www.fuldaer-nachrichten.de\/?p=156491"},"modified":"2016-10-25T23:19:44","modified_gmt":"2016-10-25T21:19:44","slug":"aufbauseminar-vorlesen","status":"publish","type":"post","link":"https:\/\/www.fuldaernachrichten.de\/?p=156491","title":{"rendered":"&#8220;Aufbauseminar Vorlesen&#8221;"},"content":{"rendered":"<p>Der Sozialdienst Katholischer Frauen Fulda l\u00e4dt in Kooperation mit der Fachstelle f\u00fcr katholische B\u00fcchereiarbeit im Bistum Fulda am Freitag, 18. November 2016 (9:30 bis 16:45 Uhr) ein Aufbau-Seminar f\u00fcr Vorlesepaten, Vorlesepatinnen und Ehrenamtliche des SkF an: Mit kr\u00e4ftiger Stimme und eigenen Ideen zu neuen Taten. Es erwarten Sie\u00c2\u00a0 funktionale Stimmarbeit mit der Logop\u00e4din Steffi Kunath nach der Lichtenbergmethode, ein Vortrag mit Jutta Sporer zu Vorlesearten und Vorlesesituationen und die Vorstellung von Vorleseb\u00fcchern mit entsprechenden Praxistipps.<\/p>\n<p>Veranstaltungsort ist das Bonifatiushaus in Fulda. (Anmeldung und Info: Fachstelle Ehrenamt, 0661\/839410 und schneider@skf-fulda.de)<\/p>\n","protected":false},"excerpt":{"rendered":"<div class=\"tmnf_excerpt\"><p>Der Sozialdienst Katholischer Frauen Fulda l\u00e4dt in Kooperation mit der Fachstelle f\u00fcr katholische B\u00fcchereiarbeit im Bistum Fulda am Freitag, 18. November 2016 (9:30 bis 16:45 Uhr) ein Aufbau-Seminar f\u00fcr Vorlesepaten, Vorlesepatinnen und Ehrenamtliche des SkF an: Mit kr\u00e4ftiger Stimme und eigenen Ideen zu neuen Taten. Es erwarten Sie\u00c2\u00a0 funktionale Stimmarbeit mit der Logop\u00e4din Steffi Kunath &hellip;<\/p>\n<\/div>","protected":false},"author":1,"featured_media":0,"comment_status":"closed","ping_status":"closed","sticky":false,"template":"","format":"standard","meta":{"footnotes":""},"categories":[1],"tags":[],"class_list":["post-156491","post","type-post","status-publish","format-standard","hentry","category-startseite"],"_links":{"self":[{"href":"https:\/\/www.fuldaernachrichten.de\/index.php?rest_route=\/wp\/v2\/posts\/156491","targetHints":{"allow":["GET"]}}],"collection":[{"href":"https:\/\/www.fuldaernachrichten.de\/index.php?rest_route=\/wp\/v2\/posts"}],"about":[{"href":"https:\/\/www.fuldaernachrichten.de\/index.php?rest_route=\/wp\/v2\/types\/post"}],"author":[{"embeddable":true,"href":"https:\/\/www.fuldaernachrichten.de\/index.php?rest_route=\/wp\/v2\/users\/1"}],"replies":[{"embeddable":true,"href":"https:\/\/www.fuldaernachrichten.de\/index.php?rest_route=%2Fwp%2Fv2%2Fcomments&post=156491"}],"version-history":[{"count":1,"href":"https:\/\/www.fuldaernachrichten.de\/index.php?rest_route=\/wp\/v2\/posts\/156491\/revisions"}],"predecessor-version":[{"id":156498,"href":"https:\/\/www.fuldaernachrichten.de\/index.php?rest_route=\/wp\/v2\/posts\/156491\/revisions\/156498"}],"wp:attachment":[{"href":"https:\/\/www.fuldaernachrichten.de\/index.php?rest_route=%2Fwp%2Fv2%2Fmedia&parent=156491"}],"wp:term":[{"taxonomy":"category","embeddable":true,"href":"https:\/\/www.fuldaernachrichten.de\/index.php?rest_route=%2Fwp%2Fv2%2Fcategories&post=156491"},{"taxonomy":"post_tag","embeddable":true,"href":"https:\/\/www.fuldaernachrichten.de\/index.php?rest_route=%2Fwp%2Fv2%2Ftags&post=156491"}],"curies":[{"name":"wp","href":"https:\/\/api.w.org\/{rel}","templated":true}]}}