{"id":156478,"date":"2016-10-25T23:17:22","date_gmt":"2016-10-25T21:17:22","guid":{"rendered":"http:\/\/www.fuldaer-nachrichten.de\/?p=156478"},"modified":"2016-10-25T23:17:22","modified_gmt":"2016-10-25T21:17:22","slug":"verein-miteinander-fuereinander-oberes-fuldatal-e-v-laedt-zu-vortrag-und-kreativwerkstatt-am-17-und-18-november-in-der-stadthalle-gersfeld-ein","status":"publish","type":"post","link":"https:\/\/www.fuldaernachrichten.de\/?p=156478","title":{"rendered":"Verein Miteinander &#8211; F\u00fcreinander Oberes Fuldatal e.V. l\u00e4dt zu Vortrag und Kreativwerkstatt am 17. und 18. November in der Stadthalle Gersfeld ein"},"content":{"rendered":"<p>Mit dem Thema \u201eNeue Wohnformen im l\u00e4ndlichen Raum\u201c setzt sich seit l\u00e4ngerer Zeit eine Arbeitsgruppe im Verein Miteinander &#8211; F\u00fcreinander Oberes Fuldatal e.V. auseinander. Sich in der Komplexit\u00e4t des Themenfeldes zurechtzufinden, ist eine gro\u00dfe Herausforderung. Wer aber genau wei\u00df, wie er leben will, kann die Frage nach der geeigneten Wohnform und dem geeigneten Wohnumfeld leichter beantworten, beizeiten Entscheidungen treffen und fr\u00fchzeitig aktiv werden.<\/p>\n<p>Vor diesem Hintergrund bietet der Verein im November zwei Veranstaltungen an. Am Donnerstag, 17. November, findet von 19.30 Uhr bis 21.30 Uhr, ein Vortrag mit Aussprache \u201eWOHNSINNig wichtig- Zukunft des Wohnens im l\u00e4ndlichen Raum\u201c statt. Am Freitag,18. November, schlie\u00dft sich von 9.00 Uhr bis16.30 Uhr die Kreativwerkstatt \u201eWOHNSINNig wichtig- Neue Wohnformen im l\u00e4ndlichen Raum\u201c an. Beide Veranstaltungen finden im B\u00fcrgersaal der Stadt Gersfeld, Schlossplatz 9, statt. Der Vortrag ist kostenfrei. Eine Anmeldung ist nicht erforderlich. Bei der Kreativwerkstatt hingegen ist die Teilnehmerzahl begrenzt, so dass um Anmeldung bis zum 7. November 2016 gebeten wird. Interessierte k\u00f6nnen sich telefonisch unter (06654)9175090 anmelden. Der Unkostenbeitrag f\u00fcr den Workshop betr\u00e4gt 18 Euro inklusive Tagesverpflegung.<\/p>\n<p>\u201eDer Vortrag ist offen f\u00fcr ein interessiertes Publikum und besch\u00e4ftigt sich mit der Frage, warum wir uns mit den Themen \u00e2\u20ac\u02dcNeue Wohnformen\u00e2\u20ac\u02dc beziehungsweise \u00e2\u20ac\u02dcWohnen und Leben\u00e2\u20ac\u02dc \u00fcberhaupt besch\u00e4ftigen sollten und welche vielf\u00e4ltigen Aspekte damit verkn\u00fcpft sind. Dar\u00fcber hinaus gibt er Hinweise darauf, was jede(r) Einzelne tun und wohin man sich wenden kann\u201c, erl\u00e4utert Beate Engelhardt als Ansprechpartnerin f\u00fcr den Verein. \u201eDer Workshop mit maximal 25 Teilnehmenden richtet sich sowohl an Fachleute als auch an interessierte B\u00fcrgerinnen und B\u00fcrger, die sich aus der jeweiligen Perspektive heraus gemeinsam mit Kernfragen zukunftsf\u00e4higer Wohnformen besch\u00e4ftigen wollen\u201c, so Engelhardt. Dahinter stehe der Wunsch, die Veranstaltungsreihe im Sinne einer \u201eWohnschule\u201c mit vielf\u00e4ltigen Angeboten zum Thema \u201eWohnen im Alter\u201c fortzusetzen. Das Konzept der \u201eWohnschule\u201c sei ma\u00dfgeblich von der Diplom-P\u00e4dagogin Karin Nell, Evangelisches Erwachsenenbildungswerk Nordrhein, entwickelt worden. Sie konnte auch als Referentin f\u00fcr die beiden Veranstaltungen in Gersfeld gewonnen werden.<\/p>\n<p>Vereinsvorsitzender Dr. Hans Unbehauen freut sich sehr dar\u00fcber, dass beide Veranstaltungen als Vorhaben zur nachhaltigen Gestaltung des demografischen Wandels durch das Biosph\u00e4renreservat Rh\u00f6n finanziell gef\u00f6rdert werden. F\u00fcr die vorbereitende Kerngruppe des Vereins sei es dar\u00fcber hinaus von besonderer Bedeutung, dass die Stadt Gersfeld am Beginn des IKEK- Prozesses stehe (IKEK= Integriertes Kommunales Entwicklungskonzept). Sie habe sich in diesem Rahmen auch die Entwicklung des Themas \u201eNeue Wohnformen\u201c vorgenommen.<\/p>\n<p>Bei den Verantwortlichen und Planern des IKEK-Prozesses in Gersfeld &#8211; Professor Dr. Kunze als Leiter des Beratungsb\u00fcros, Bruno G\u00fcnkel und Janina Bodmann vom Fachdienst Wirtschaftsf\u00f6rderung und Regionalentwicklung des Landkreises Fulda sowie B\u00fcrgermeister Steffen Korell &#8211; findet das Thema gro\u00dfe Resonanz. Alle Beteiligten haben f\u00fcr den Zeitraum vom 17. bis zum 26. November ein gemeinsames Veranstaltungspaket mit zwei Schwerpunkten beschlossen. Den Auftakt bilden die beiden oben genannten Veranstaltungen. Am Samstag, 26. November, werden Professor Dr. Kunze und sein Team ab 18 Uhr die Ergebnisse des IKEK- Prozesses mit drei B\u00fcrgerforen \u00f6ffentlich darstellen. Anschlie\u00dfend gibt es die Theaterauff\u00fchrung \u201e 2030- Odyssee im Leerraum\u201c vom Jungen Theater G\u00f6ttingen als Dokumentarisches Theater \u00fcber den Strukturwandel im l\u00e4ndlichen Raum.<\/p>\n","protected":false},"excerpt":{"rendered":"<div class=\"tmnf_excerpt\"><p>Mit dem Thema \u201eNeue Wohnformen im l\u00e4ndlichen Raum\u201c setzt sich seit l\u00e4ngerer Zeit eine Arbeitsgruppe im Verein Miteinander &#8211; F\u00fcreinander Oberes Fuldatal e.V. auseinander. Sich in der Komplexit\u00e4t des Themenfeldes zurechtzufinden, ist eine gro\u00dfe Herausforderung. Wer aber genau wei\u00df, wie er leben will, kann die Frage nach der geeigneten Wohnform und dem geeigneten Wohnumfeld leichter &hellip;<\/p>\n<\/div>","protected":false},"author":1,"featured_media":156483,"comment_status":"closed","ping_status":"closed","sticky":false,"template":"","format":"standard","meta":{"footnotes":""},"categories":[1],"tags":[],"class_list":["post-156478","post","type-post","status-publish","format-standard","has-post-thumbnail","hentry","category-startseite"],"_links":{"self":[{"href":"https:\/\/www.fuldaernachrichten.de\/index.php?rest_route=\/wp\/v2\/posts\/156478","targetHints":{"allow":["GET"]}}],"collection":[{"href":"https:\/\/www.fuldaernachrichten.de\/index.php?rest_route=\/wp\/v2\/posts"}],"about":[{"href":"https:\/\/www.fuldaernachrichten.de\/index.php?rest_route=\/wp\/v2\/types\/post"}],"author":[{"embeddable":true,"href":"https:\/\/www.fuldaernachrichten.de\/index.php?rest_route=\/wp\/v2\/users\/1"}],"replies":[{"embeddable":true,"href":"https:\/\/www.fuldaernachrichten.de\/index.php?rest_route=%2Fwp%2Fv2%2Fcomments&post=156478"}],"version-history":[{"count":1,"href":"https:\/\/www.fuldaernachrichten.de\/index.php?rest_route=\/wp\/v2\/posts\/156478\/revisions"}],"predecessor-version":[{"id":156484,"href":"https:\/\/www.fuldaernachrichten.de\/index.php?rest_route=\/wp\/v2\/posts\/156478\/revisions\/156484"}],"wp:featuredmedia":[{"embeddable":true,"href":"https:\/\/www.fuldaernachrichten.de\/index.php?rest_route=\/wp\/v2\/media\/156483"}],"wp:attachment":[{"href":"https:\/\/www.fuldaernachrichten.de\/index.php?rest_route=%2Fwp%2Fv2%2Fmedia&parent=156478"}],"wp:term":[{"taxonomy":"category","embeddable":true,"href":"https:\/\/www.fuldaernachrichten.de\/index.php?rest_route=%2Fwp%2Fv2%2Fcategories&post=156478"},{"taxonomy":"post_tag","embeddable":true,"href":"https:\/\/www.fuldaernachrichten.de\/index.php?rest_route=%2Fwp%2Fv2%2Ftags&post=156478"}],"curies":[{"name":"wp","href":"https:\/\/api.w.org\/{rel}","templated":true}]}}