{"id":156477,"date":"2016-10-25T23:17:38","date_gmt":"2016-10-25T21:17:38","guid":{"rendered":"http:\/\/www.fuldaer-nachrichten.de\/?p=156477"},"modified":"2016-10-25T23:17:38","modified_gmt":"2016-10-25T21:17:38","slug":"mehr-als-26-000-gaeste-bei-73-veranstaltungen-wieder-ein-rekordjahr-beim-kultursommer-main-kinzig-fulda","status":"publish","type":"post","link":"https:\/\/www.fuldaernachrichten.de\/?p=156477","title":{"rendered":"Mehr als 26.000 G\u00e4ste bei 73 Veranstaltungen &#8211; Wieder ein Rekordjahr beim Kultursommer Main-Kinzig-Fulda"},"content":{"rendered":"<p>Nach der \u00fcberaus erfolgreichen Saison 2015 konnte sich der Kultursommer Main-Kinzig-Fulda in diesem Jahr noch einmal steigern. Etwas mehr als 26.000 Besucher wurden bei insgesamt 73 Veranstaltungen gez\u00e4hlt. \u201eDamit k\u00f6nnen die Organisatoren mehr als zufrieden sein\u201c, berichten die Landr\u00e4te Erich Pipa und Bernd Woide, deren Landkreise die Tr\u00e4ger des Kultursommers sind.<br \/>\nWie im letzten Jahr fasste der Kultursommer Main-Kinzig-Fulda \u00f6rtliche Veranstaltungen aus den Bereichen Theater, Kunst, Musik, Film und Literatur zusammen, die von Vereinen, Kommunen, Initiativen und Privatveranstaltern organisiert worden waren. Musikalisch wurde der Kultursommer durch eine Vielzahl an Konzerten bereichert, wozu auch der Tanner Musiksommer z\u00e4hlte. Auf Initiative des Hessischen Ministeriums f\u00fcr Wissenschaft und Kunst wurde auch in diesem Jahr ein separater Kinder-Kultursommer angeboten, der mit zahlrechen kleineren Veranstaltungen eine willkommene Abwechslung im Ferienprogramm vieler Familien darstellte.<br \/>\n\u201eWir danken dem Ministerium f\u00fcr die zus\u00e4tzliche finanzielle Unterst\u00fctzung des Kinder-Kultursommers\u201c, unterstreichen die Landr\u00e4te Pipa und Woide, \u201eaber auch der Sparkassen-Kulturstiftung Hessen-Th\u00fcringen sei unser Dank im Namen aller Veranstalter \u00fcbermittelt. Die Stiftung setzt sich seit vielen Jahren mit Erfolg daf\u00fcr ein, auch abseits der gro\u00dfen St\u00e4dte kulturelle H\u00f6hepunkte anzubieten. Das ist dem Kultursommer Main-Kinzig-Fulda ebenfalls ein wichtiges Anliegen.\u201c So war in diesem Jahr der Kultursommer unter anderem in Bad Salzschlirf, Eichenzell, Flieden, Hofbieber, Blankenau sowie H\u00fcnfeld vertreten und unterst\u00fctzte dort Kulturveranstaltungen aller Art.<\/p>\n","protected":false},"excerpt":{"rendered":"<div class=\"tmnf_excerpt\"><p>Nach der \u00fcberaus erfolgreichen Saison 2015 konnte sich der Kultursommer Main-Kinzig-Fulda in diesem Jahr noch einmal steigern. Etwas mehr als 26.000 Besucher wurden bei insgesamt 73 Veranstaltungen gez\u00e4hlt. \u201eDamit k\u00f6nnen die Organisatoren mehr als zufrieden sein\u201c, berichten die Landr\u00e4te Erich Pipa und Bernd Woide, deren Landkreise die Tr\u00e4ger des Kultursommers sind. Wie im letzten Jahr &hellip;<\/p>\n<\/div>","protected":false},"author":1,"featured_media":0,"comment_status":"closed","ping_status":"closed","sticky":false,"template":"","format":"standard","meta":{"footnotes":""},"categories":[1],"tags":[],"class_list":["post-156477","post","type-post","status-publish","format-standard","hentry","category-startseite"],"_links":{"self":[{"href":"https:\/\/www.fuldaernachrichten.de\/index.php?rest_route=\/wp\/v2\/posts\/156477","targetHints":{"allow":["GET"]}}],"collection":[{"href":"https:\/\/www.fuldaernachrichten.de\/index.php?rest_route=\/wp\/v2\/posts"}],"about":[{"href":"https:\/\/www.fuldaernachrichten.de\/index.php?rest_route=\/wp\/v2\/types\/post"}],"author":[{"embeddable":true,"href":"https:\/\/www.fuldaernachrichten.de\/index.php?rest_route=\/wp\/v2\/users\/1"}],"replies":[{"embeddable":true,"href":"https:\/\/www.fuldaernachrichten.de\/index.php?rest_route=%2Fwp%2Fv2%2Fcomments&post=156477"}],"version-history":[{"count":1,"href":"https:\/\/www.fuldaernachrichten.de\/index.php?rest_route=\/wp\/v2\/posts\/156477\/revisions"}],"predecessor-version":[{"id":156487,"href":"https:\/\/www.fuldaernachrichten.de\/index.php?rest_route=\/wp\/v2\/posts\/156477\/revisions\/156487"}],"wp:attachment":[{"href":"https:\/\/www.fuldaernachrichten.de\/index.php?rest_route=%2Fwp%2Fv2%2Fmedia&parent=156477"}],"wp:term":[{"taxonomy":"category","embeddable":true,"href":"https:\/\/www.fuldaernachrichten.de\/index.php?rest_route=%2Fwp%2Fv2%2Fcategories&post=156477"},{"taxonomy":"post_tag","embeddable":true,"href":"https:\/\/www.fuldaernachrichten.de\/index.php?rest_route=%2Fwp%2Fv2%2Ftags&post=156477"}],"curies":[{"name":"wp","href":"https:\/\/api.w.org\/{rel}","templated":true}]}}