{"id":156456,"date":"2016-10-25T23:12:28","date_gmt":"2016-10-25T21:12:28","guid":{"rendered":"http:\/\/www.fuldaer-nachrichten.de\/?p=156456"},"modified":"2016-10-25T23:12:28","modified_gmt":"2016-10-25T21:12:28","slug":"weihnachtspaeckchen-als-hoffnungszeichen","status":"publish","type":"post","link":"https:\/\/www.fuldaernachrichten.de\/?p=156456","title":{"rendered":"Weihnachtsp\u00e4ckchen als Hoffnungszeichen"},"content":{"rendered":"<p>Seit 16\u00c2\u00a0 Jahren engagieren sich die Malteser in Petersberg bei der Aktion Weihnachtsp\u00e4ckchen f\u00fcr Kinder in L\u00e4ndern Osteuropas und sammeln Geschenke im Wert von ca. 10 Euro. Jedes Weihnachtsp\u00e4ckchen gilt als ein Zeichen der Hoffnung sowie Verst\u00e4ndigung zwischen den V\u00f6lkern und Religionen. Die P\u00e4ckchen k\u00f6nnen bis zum 20. November in der Zeit von 18 bis 21 Uhr bei Familie Wehner, Siedlungsweg 3 in Petersberg, abgegeben werden. Alternativ kann man bei Familie Kr\u00f6nung anrufen, Telefon 0661 607511, und eine Abgabe nach Absprache im Wolfsgarten 10 in Petersberg vereinbaren. Die P\u00e4ckchen sollten aus einem mit Geschenkpapier beklebten Schuhkarton bestehen (Boden und Deckel separat), nur mit einem Gummiband verschlossen werden und mit einer Inhaltsangabe versehen sein. Schokoladetafeln, Fruchtgummib\u00e4ren, Lebkuchen, Bonbons, kleine Kuscheltiere, Buntstifte und Malbl\u00f6cke sind sinnvoll. Bitte keine Kleidung, kein Obst, lose Kekse, Hygieneartikel, alte Gegenst\u00e4nde oder Spiele mit deutschsprachiger Anleitung oder B\u00fccher in deutscher Sprache einpacken. Anfang Dezember werden die Weihnachtsp\u00e4ckchen von ehrenamtlichen Helfern der Malteser zu bed\u00fcrftigen Kindern in Osteuropa gebracht. Wer kein P\u00e4ckchen packen will, kann sich mit einer Spende an den Transportkosten beteiligen:<\/p>\n<p>Bankverbindung:<br \/>\nStichwort \u201eHoffnungszeichen \u00fcber Landesgrenzen hinweg\u201c<br \/>\nIBAN: DE83530501800014005029<br \/>\nBIC: HELADEF1FDS<\/p>\n<p>Weitere Informationen gibt es beim Petersberger Ortsbeauftragten der Malteser,\u00c2\u00a0 Michael Kr\u00f6nung, Geisaer Weg 30, 36100 Petersberg, Telefon: 0661\/607511 oder im Internet unter www.malteser-petersberg.de<\/p>\n","protected":false},"excerpt":{"rendered":"<div class=\"tmnf_excerpt\"><p>Seit 16\u00c2\u00a0 Jahren engagieren sich die Malteser in Petersberg bei der Aktion Weihnachtsp\u00e4ckchen f\u00fcr Kinder in L\u00e4ndern Osteuropas und sammeln Geschenke im Wert von ca. 10 Euro. Jedes Weihnachtsp\u00e4ckchen gilt als ein Zeichen der Hoffnung sowie Verst\u00e4ndigung zwischen den V\u00f6lkern und Religionen. Die P\u00e4ckchen k\u00f6nnen bis zum 20. November in der Zeit von 18 bis &hellip;<\/p>\n<\/div>","protected":false},"author":1,"featured_media":156462,"comment_status":"closed","ping_status":"closed","sticky":false,"template":"","format":"standard","meta":{"footnotes":""},"categories":[1],"tags":[],"class_list":["post-156456","post","type-post","status-publish","format-standard","has-post-thumbnail","hentry","category-startseite"],"_links":{"self":[{"href":"https:\/\/www.fuldaernachrichten.de\/index.php?rest_route=\/wp\/v2\/posts\/156456","targetHints":{"allow":["GET"]}}],"collection":[{"href":"https:\/\/www.fuldaernachrichten.de\/index.php?rest_route=\/wp\/v2\/posts"}],"about":[{"href":"https:\/\/www.fuldaernachrichten.de\/index.php?rest_route=\/wp\/v2\/types\/post"}],"author":[{"embeddable":true,"href":"https:\/\/www.fuldaernachrichten.de\/index.php?rest_route=\/wp\/v2\/users\/1"}],"replies":[{"embeddable":true,"href":"https:\/\/www.fuldaernachrichten.de\/index.php?rest_route=%2Fwp%2Fv2%2Fcomments&post=156456"}],"version-history":[{"count":1,"href":"https:\/\/www.fuldaernachrichten.de\/index.php?rest_route=\/wp\/v2\/posts\/156456\/revisions"}],"predecessor-version":[{"id":156463,"href":"https:\/\/www.fuldaernachrichten.de\/index.php?rest_route=\/wp\/v2\/posts\/156456\/revisions\/156463"}],"wp:featuredmedia":[{"embeddable":true,"href":"https:\/\/www.fuldaernachrichten.de\/index.php?rest_route=\/wp\/v2\/media\/156462"}],"wp:attachment":[{"href":"https:\/\/www.fuldaernachrichten.de\/index.php?rest_route=%2Fwp%2Fv2%2Fmedia&parent=156456"}],"wp:term":[{"taxonomy":"category","embeddable":true,"href":"https:\/\/www.fuldaernachrichten.de\/index.php?rest_route=%2Fwp%2Fv2%2Fcategories&post=156456"},{"taxonomy":"post_tag","embeddable":true,"href":"https:\/\/www.fuldaernachrichten.de\/index.php?rest_route=%2Fwp%2Fv2%2Ftags&post=156456"}],"curies":[{"name":"wp","href":"https:\/\/api.w.org\/{rel}","templated":true}]}}