{"id":156446,"date":"2016-10-25T23:09:54","date_gmt":"2016-10-25T21:09:54","guid":{"rendered":"http:\/\/www.fuldaer-nachrichten.de\/?p=156446"},"modified":"2016-10-25T23:09:54","modified_gmt":"2016-10-25T21:09:54","slug":"14-priesteramtskandidaten-starteten-in-caritas-praxistage","status":"publish","type":"post","link":"https:\/\/www.fuldaernachrichten.de\/?p=156446","title":{"rendered":"14 Priesteramtskandidaten starteten in Caritas-Praxistage"},"content":{"rendered":"<p>Im Rahmen ihrer gemeinsamen Ausbildung zum Priester hospitieren 14 Diakone aus den Erz-Di\u00f6zesen und Bist\u00fcmern Berlin, Erfurt, Fulda, Magdeburg und Paderborn\u00c2\u00a0 innerhalb der kommenden Wochen in karitativen Einrichtungen in Fulda und Umgebung. Organisiert wird das Praktikum durch das Referat Gemeindecaritas \/ Soziale Dienste des Caritasverbandes f\u00fcr die Di\u00f6zese Fulda. Die zuk\u00fcnftigen Priester erleben in den Caritas-Einrichtungen die Vielfalt diakonischer Themen; die Praxistage finden zum Beispiel in\u00c2\u00a0 den Carisma-Werkst\u00e4tten in Maberzell und Schloss Haselstein, im Altenpflegeheim St. Josef, im Haus Jakobsbrunnen und im Caritaszentrum f\u00fcr Sucht und Drogenhilfe statt. Des Weiteren hospitieren Diakone bei antonius Netzwerk Mensch, dem Hospiz St. Elisabeth und der \u00f6kumenischen Bahnhofsmission.<\/p>\n<p>Das Angebot soll den angehenden Priestern erm\u00f6glichen, die Dienste und Hilfen f\u00fcr Bed\u00fcrftige durch die verbandliche Caritas genauer kennenzulernen und sich intensiv mit Caritas-Themen wie Armut, Altern, Wohnungslosigkeit, Behinderung, Krankheit und Not auseinander zu setzen. Die Diakone k\u00f6nnen so sp\u00e4ter im Pfarrdienst besser einsch\u00e4tzen, welche Bereiche sie selbst mit Ehrenamtlichen aus der Gemeinde abdecken wollen, und in welcher Weise sie ihre Pfarrcaritas mit den Angeboten der verbandlichen Caritas und anderen kirchlichen Hilfsorganisationen verzahnen k\u00f6nnen.<\/p>\n<p>Unser Foto entstand bei der Einf\u00fchrungsveranstaltung im Priesterseminar: Armin Schomberg, Caritas-Ressortleiter Soziale Dienste, und die Referentin f\u00fcr Gemeindecaritas Daniela Manke (beide rechts) stellten die Struktur der Caritas sowie die Einrichtungen und Hilfsangebote des katholischen Wohlfahrtsverbandes im Bistum Fulda vor.<\/p>\n","protected":false},"excerpt":{"rendered":"<div class=\"tmnf_excerpt\"><p>Im Rahmen ihrer gemeinsamen Ausbildung zum Priester hospitieren 14 Diakone aus den Erz-Di\u00f6zesen und Bist\u00fcmern Berlin, Erfurt, Fulda, Magdeburg und Paderborn\u00c2\u00a0 innerhalb der kommenden Wochen in karitativen Einrichtungen in Fulda und Umgebung. Organisiert wird das Praktikum durch das Referat Gemeindecaritas \/ Soziale Dienste des Caritasverbandes f\u00fcr die Di\u00f6zese Fulda. Die zuk\u00fcnftigen Priester erleben in den &hellip;<\/p>\n<\/div>","protected":false},"author":1,"featured_media":156452,"comment_status":"closed","ping_status":"closed","sticky":false,"template":"","format":"standard","meta":{"footnotes":""},"categories":[1],"tags":[],"class_list":["post-156446","post","type-post","status-publish","format-standard","has-post-thumbnail","hentry","category-startseite"],"_links":{"self":[{"href":"https:\/\/www.fuldaernachrichten.de\/index.php?rest_route=\/wp\/v2\/posts\/156446","targetHints":{"allow":["GET"]}}],"collection":[{"href":"https:\/\/www.fuldaernachrichten.de\/index.php?rest_route=\/wp\/v2\/posts"}],"about":[{"href":"https:\/\/www.fuldaernachrichten.de\/index.php?rest_route=\/wp\/v2\/types\/post"}],"author":[{"embeddable":true,"href":"https:\/\/www.fuldaernachrichten.de\/index.php?rest_route=\/wp\/v2\/users\/1"}],"replies":[{"embeddable":true,"href":"https:\/\/www.fuldaernachrichten.de\/index.php?rest_route=%2Fwp%2Fv2%2Fcomments&post=156446"}],"version-history":[{"count":1,"href":"https:\/\/www.fuldaernachrichten.de\/index.php?rest_route=\/wp\/v2\/posts\/156446\/revisions"}],"predecessor-version":[{"id":156453,"href":"https:\/\/www.fuldaernachrichten.de\/index.php?rest_route=\/wp\/v2\/posts\/156446\/revisions\/156453"}],"wp:featuredmedia":[{"embeddable":true,"href":"https:\/\/www.fuldaernachrichten.de\/index.php?rest_route=\/wp\/v2\/media\/156452"}],"wp:attachment":[{"href":"https:\/\/www.fuldaernachrichten.de\/index.php?rest_route=%2Fwp%2Fv2%2Fmedia&parent=156446"}],"wp:term":[{"taxonomy":"category","embeddable":true,"href":"https:\/\/www.fuldaernachrichten.de\/index.php?rest_route=%2Fwp%2Fv2%2Fcategories&post=156446"},{"taxonomy":"post_tag","embeddable":true,"href":"https:\/\/www.fuldaernachrichten.de\/index.php?rest_route=%2Fwp%2Fv2%2Ftags&post=156446"}],"curies":[{"name":"wp","href":"https:\/\/api.w.org\/{rel}","templated":true}]}}