{"id":156441,"date":"2016-10-25T23:07:31","date_gmt":"2016-10-25T21:07:31","guid":{"rendered":"http:\/\/www.fuldaer-nachrichten.de\/?p=156441"},"modified":"2016-10-25T23:09:59","modified_gmt":"2016-10-25T21:09:59","slug":"schritt-fuer-schritt-dem-himmel-entgegen-gepilgert","status":"publish","type":"post","link":"https:\/\/www.fuldaernachrichten.de\/?p=156441","title":{"rendered":"Schritt f\u00fcr Schritt dem Himmel entgegen gepilgert"},"content":{"rendered":"<p>25 Pilger beteiligten sich an der diesj\u00e4hrigen Fu\u00dfwallfahrt der Malteser der Di\u00f6zese Fulda, die auf der Bonifatius-Route nach Altenstadt f\u00fchrte. Beim Start in\u00c2\u00a0 Burkhards, dem Endpunkt im vorletzten Jahr,\u00c2\u00a0 erteilte Kaplan Markus Agricola (Petersberg) den Pilgersegen. Am zweiten Tag stiegen die Jugendlichen auf Inliner um und machten einen Abstecher zur Keltenwelt in Glauburg, w\u00e4hrend die Erwachsenen dem Pilgerpfad entlang des Vulkanradweges folgten. In Altenstadt empfing BDKJ-Pfarrer Thomas Renze die ersch\u00f6pften und durchn\u00e4ssten Pilger zum Abschlussgottesdienst. F\u00fcr die Verpflegung hatte vorbildlich die Ortsgliederung Blankenau-Hainzell gesorgt.<\/p>\n","protected":false},"excerpt":{"rendered":"<div class=\"tmnf_excerpt\"><p>25 Pilger beteiligten sich an der diesj\u00e4hrigen Fu\u00dfwallfahrt der Malteser der Di\u00f6zese Fulda, die auf der Bonifatius-Route nach Altenstadt f\u00fchrte. Beim Start in\u00c2\u00a0 Burkhards, dem Endpunkt im vorletzten Jahr,\u00c2\u00a0 erteilte Kaplan Markus Agricola (Petersberg) den Pilgersegen. Am zweiten Tag stiegen die Jugendlichen auf Inliner um und machten einen Abstecher zur Keltenwelt in Glauburg, w\u00e4hrend die &hellip;<\/p>\n<\/div>","protected":false},"author":1,"featured_media":156448,"comment_status":"closed","ping_status":"closed","sticky":false,"template":"","format":"standard","meta":{"footnotes":""},"categories":[1],"tags":[],"class_list":["post-156441","post","type-post","status-publish","format-standard","has-post-thumbnail","hentry","category-startseite"],"_links":{"self":[{"href":"https:\/\/www.fuldaernachrichten.de\/index.php?rest_route=\/wp\/v2\/posts\/156441","targetHints":{"allow":["GET"]}}],"collection":[{"href":"https:\/\/www.fuldaernachrichten.de\/index.php?rest_route=\/wp\/v2\/posts"}],"about":[{"href":"https:\/\/www.fuldaernachrichten.de\/index.php?rest_route=\/wp\/v2\/types\/post"}],"author":[{"embeddable":true,"href":"https:\/\/www.fuldaernachrichten.de\/index.php?rest_route=\/wp\/v2\/users\/1"}],"replies":[{"embeddable":true,"href":"https:\/\/www.fuldaernachrichten.de\/index.php?rest_route=%2Fwp%2Fv2%2Fcomments&post=156441"}],"version-history":[{"count":1,"href":"https:\/\/www.fuldaernachrichten.de\/index.php?rest_route=\/wp\/v2\/posts\/156441\/revisions"}],"predecessor-version":[{"id":156447,"href":"https:\/\/www.fuldaernachrichten.de\/index.php?rest_route=\/wp\/v2\/posts\/156441\/revisions\/156447"}],"wp:featuredmedia":[{"embeddable":true,"href":"https:\/\/www.fuldaernachrichten.de\/index.php?rest_route=\/wp\/v2\/media\/156448"}],"wp:attachment":[{"href":"https:\/\/www.fuldaernachrichten.de\/index.php?rest_route=%2Fwp%2Fv2%2Fmedia&parent=156441"}],"wp:term":[{"taxonomy":"category","embeddable":true,"href":"https:\/\/www.fuldaernachrichten.de\/index.php?rest_route=%2Fwp%2Fv2%2Fcategories&post=156441"},{"taxonomy":"post_tag","embeddable":true,"href":"https:\/\/www.fuldaernachrichten.de\/index.php?rest_route=%2Fwp%2Fv2%2Ftags&post=156441"}],"curies":[{"name":"wp","href":"https:\/\/api.w.org\/{rel}","templated":true}]}}