{"id":156414,"date":"2016-10-24T11:25:13","date_gmt":"2016-10-24T09:25:13","guid":{"rendered":"http:\/\/www.fuldaer-nachrichten.de\/?p=156414"},"modified":"2016-10-24T11:25:13","modified_gmt":"2016-10-24T09:25:13","slug":"landrat-ueberreichte-ovag-spende-an-verein-regenbogen-e-v-in-alsfeld","status":"publish","type":"post","link":"https:\/\/www.fuldaernachrichten.de\/?p=156414","title":{"rendered":"Landrat \u00fcberreichte OVAG-Spende an Verein Regenbogen e. V. in Alsfeld"},"content":{"rendered":"<p>Freudige Gesichter beim Verein Regenbogen e. V. in Alsfeld: Landrat Manfred G\u00f6rig (Mitte hinten) \u00fcberreichte eine Spende der Ovag in H\u00f6he von 3.000 Euro an die Vereinsvorsitzenden. Von dem Geld sollen f\u00fcr die Grundschulkinder an der Stadtschule Alsfeld neue Spielger\u00e4te angeschafft werden. Der Betreuungsverein bietet in den Ferien eine Betreuung bis 13.30 an, w\u00e4hrend der Schulzeit werden die Kinder wahlweise auch bis 17 Uhr betreut.<\/p>\n","protected":false},"excerpt":{"rendered":"<div class=\"tmnf_excerpt\"><p>Freudige Gesichter beim Verein Regenbogen e. V. in Alsfeld: Landrat Manfred G\u00f6rig (Mitte hinten) \u00fcberreichte eine Spende der Ovag in H\u00f6he von 3.000 Euro an die Vereinsvorsitzenden. Von dem Geld sollen f\u00fcr die Grundschulkinder an der Stadtschule Alsfeld neue Spielger\u00e4te angeschafft werden. Der Betreuungsverein bietet in den Ferien eine Betreuung bis 13.30 an, w\u00e4hrend der &hellip;<\/p>\n<\/div>","protected":false},"author":1,"featured_media":156435,"comment_status":"closed","ping_status":"closed","sticky":false,"template":"","format":"standard","meta":{"footnotes":""},"categories":[1],"tags":[],"class_list":["post-156414","post","type-post","status-publish","format-standard","has-post-thumbnail","hentry","category-startseite"],"_links":{"self":[{"href":"https:\/\/www.fuldaernachrichten.de\/index.php?rest_route=\/wp\/v2\/posts\/156414","targetHints":{"allow":["GET"]}}],"collection":[{"href":"https:\/\/www.fuldaernachrichten.de\/index.php?rest_route=\/wp\/v2\/posts"}],"about":[{"href":"https:\/\/www.fuldaernachrichten.de\/index.php?rest_route=\/wp\/v2\/types\/post"}],"author":[{"embeddable":true,"href":"https:\/\/www.fuldaernachrichten.de\/index.php?rest_route=\/wp\/v2\/users\/1"}],"replies":[{"embeddable":true,"href":"https:\/\/www.fuldaernachrichten.de\/index.php?rest_route=%2Fwp%2Fv2%2Fcomments&post=156414"}],"version-history":[{"count":1,"href":"https:\/\/www.fuldaernachrichten.de\/index.php?rest_route=\/wp\/v2\/posts\/156414\/revisions"}],"predecessor-version":[{"id":156436,"href":"https:\/\/www.fuldaernachrichten.de\/index.php?rest_route=\/wp\/v2\/posts\/156414\/revisions\/156436"}],"wp:featuredmedia":[{"embeddable":true,"href":"https:\/\/www.fuldaernachrichten.de\/index.php?rest_route=\/wp\/v2\/media\/156435"}],"wp:attachment":[{"href":"https:\/\/www.fuldaernachrichten.de\/index.php?rest_route=%2Fwp%2Fv2%2Fmedia&parent=156414"}],"wp:term":[{"taxonomy":"category","embeddable":true,"href":"https:\/\/www.fuldaernachrichten.de\/index.php?rest_route=%2Fwp%2Fv2%2Fcategories&post=156414"},{"taxonomy":"post_tag","embeddable":true,"href":"https:\/\/www.fuldaernachrichten.de\/index.php?rest_route=%2Fwp%2Fv2%2Ftags&post=156414"}],"curies":[{"name":"wp","href":"https:\/\/api.w.org\/{rel}","templated":true}]}}