{"id":156408,"date":"2016-10-24T11:24:15","date_gmt":"2016-10-24T09:24:15","guid":{"rendered":"http:\/\/www.fuldaer-nachrichten.de\/?p=156408"},"modified":"2016-10-24T11:24:15","modified_gmt":"2016-10-24T09:24:15","slug":"jugendflamme-als-ausbildungsnachweis-fuer-%e2%80%a8beachtlichen-ausbildungsstand-der-jugendfeuerwehrmitglieder","status":"publish","type":"post","link":"https:\/\/www.fuldaernachrichten.de\/?p=156408","title":{"rendered":"Jugendflamme als Ausbildungsnachweis f\u00fcr \u00e2\u20ac\u00a8beachtlichen Ausbildungsstand der Jugendfeuerwehrmitglieder"},"content":{"rendered":"<p>69 Jungen und M\u00e4dchen aus den Jugendfeuerwehren im Landkreis Fulda nahmen erfolgreich an der Abnahme der Jugendflamme Stufe 2 und 3 der Kreisjugendfeuerwehr Fulda in Bad Salzschlirf teil. Kreisjugendfeuerwehrwart Steffen Hohmann begr\u00fc\u00dfte zur Er\u00f6ffnung alle Jugendlichen der Jugendfeuerwehren, Jugendfeuerwehrwarte und Betreuer, die Wertungsrichter der Kreisjugendfeuerwehr Fulda sowie anwesende G\u00e4ste. Lothar Mihm, Vorsitzender des Kreisfeuerwehrverbandes Fulda \u00fcberbrachte die Gr\u00fc\u00dfe der Einsatzabteilungen aus dem Kreisgebiet und w\u00fcnschte den Jugendfeuerwehrmitgliedern f\u00fcr die bevorstehende Abnahme der Jugendflammen viel Erfolg.<\/p>\n<p>Die Jugendflamme der Deutschen Jugendfeuerwehr ist ein Ausbildungsnachweis in Form eines Abzeichens f\u00fcr Jugendfeuerwehrmitglieder. Eine Aufteilung in 3 Stufen bietet die M\u00f6glichkeit, die Dauer der Jugendfeuerwehrzugeh\u00f6rigkeit f\u00fcr die Jungen und M\u00e4dchen attraktiv und abwechslungsreich zu gestalten. Die bundeseinheitlichen Rahmenbedingungen der Jugendflamme dienen vornehmlich dazu, den Jugendfeuerwehrangeh\u00f6rigen feuerwehrtechnisches und allgemeines Wissen interessant und nachhaltig zu vermitteln.<\/p>\n<p>Zur Abnahme der Jugendflamme Stufe 2 traten 45 Teilnehmer an. Die Abnahmeteile erforderten neben Feuerwehrwissen aus dem Bereich Fahrzeug- und Ger\u00e4tekunde sowie Feuerwehrtechnik auch eine Teilnahme an Veranstaltungen aus dem Bereich Sport &amp; Spiel. Der Bereich Sport &amp; Spiel wird durch Anw\u00e4rter der Stufe 2 beispielsweise durch eine Teilnahme am Tischtennisturnier der Kreisjugendfeuerwehr Fulda, Spiel ohne Grenzen oder einer Sportveranstaltung unterj\u00e4hrig vor dem Abnahmetag absolviert.<\/p>\n<p>Insgesamt 15 Jugendfeuerwehrmitglieder stellten sich der Herausforderung der Jugendflamme Stufe 3. Zu den erforderlichen Abnahmeteilen z\u00e4hlen Feuerwehrtechnik, Erste-Hilfe sowie der Vortrag einer Themenarbeit. Gekonnt wurden die 4-teilige Steckleiter nach der Feuerwehrdienstvorschrift 10, tragbare Leitern, vorgenommen und Erste-Hilfe-Ma\u00dfnahmen in einer \u00dcbungssituation ergriffen. Dar\u00fcber hinaus erfordert die Stufe 3 der Jugendflamme auch einen Vortrag einer zuvor bearbeiteten Themenarbeit. Hierbei gaben sich die Anw\u00e4rter der Stufe 3 viel M\u00fche und trugen tolle Pr\u00e4sentationen vor.<\/p>\n<p>Zur Verleihung der Abzeichen konnte Kreisjugendfeuerwehrwart Steffen Hohmann zahlreiche G\u00e4ste begr\u00fc\u00dfen. Markus Meysner (MdL) wertsch\u00e4tzte das Engagement der Jugendlichen in der Jugendfeuerwehr und hob die Bedeutung der Jugendflamme als Ausbildungsnachweis hervor. Weitere Gru\u00dfworte sprachen Kreisbeigeordneter des Landkreises Fulda Winfried Kress, Bad Salzschlirfs B\u00fcrgermeister Matthias K\u00fcbel sowie Gemeindejugendfeuerwehrwart Andreas Waldmann.<br \/>\nAbschlie\u00dfend bedankte sich Kreisjugendfeuerwehrwart Steffen Hohmann bei den Wertungsrichtern der Kreisjugendfeuerwehr Fulda f\u00fcr die faire Bewertung der Abnahmeteile und bei der Jugendfeuerwehr und Feuerwehr Bad Salzschlirf f\u00fcr die Ausrichtung der Veranstaltung.<\/p>\n","protected":false},"excerpt":{"rendered":"<div class=\"tmnf_excerpt\"><p>69 Jungen und M\u00e4dchen aus den Jugendfeuerwehren im Landkreis Fulda nahmen erfolgreich an der Abnahme der Jugendflamme Stufe 2 und 3 der Kreisjugendfeuerwehr Fulda in Bad Salzschlirf teil. Kreisjugendfeuerwehrwart Steffen Hohmann begr\u00fc\u00dfte zur Er\u00f6ffnung alle Jugendlichen der Jugendfeuerwehren, Jugendfeuerwehrwarte und Betreuer, die Wertungsrichter der Kreisjugendfeuerwehr Fulda sowie anwesende G\u00e4ste. Lothar Mihm, Vorsitzender des Kreisfeuerwehrverbandes Fulda &hellip;<\/p>\n<\/div>","protected":false},"author":1,"featured_media":156416,"comment_status":"closed","ping_status":"closed","sticky":false,"template":"","format":"gallery","meta":{"footnotes":""},"categories":[1],"tags":[],"class_list":["post-156408","post","type-post","status-publish","format-gallery","has-post-thumbnail","hentry","category-startseite","post_format-post-format-gallery"],"_links":{"self":[{"href":"https:\/\/www.fuldaernachrichten.de\/index.php?rest_route=\/wp\/v2\/posts\/156408","targetHints":{"allow":["GET"]}}],"collection":[{"href":"https:\/\/www.fuldaernachrichten.de\/index.php?rest_route=\/wp\/v2\/posts"}],"about":[{"href":"https:\/\/www.fuldaernachrichten.de\/index.php?rest_route=\/wp\/v2\/types\/post"}],"author":[{"embeddable":true,"href":"https:\/\/www.fuldaernachrichten.de\/index.php?rest_route=\/wp\/v2\/users\/1"}],"replies":[{"embeddable":true,"href":"https:\/\/www.fuldaernachrichten.de\/index.php?rest_route=%2Fwp%2Fv2%2Fcomments&post=156408"}],"version-history":[{"count":1,"href":"https:\/\/www.fuldaernachrichten.de\/index.php?rest_route=\/wp\/v2\/posts\/156408\/revisions"}],"predecessor-version":[{"id":156430,"href":"https:\/\/www.fuldaernachrichten.de\/index.php?rest_route=\/wp\/v2\/posts\/156408\/revisions\/156430"}],"wp:featuredmedia":[{"embeddable":true,"href":"https:\/\/www.fuldaernachrichten.de\/index.php?rest_route=\/wp\/v2\/media\/156416"}],"wp:attachment":[{"href":"https:\/\/www.fuldaernachrichten.de\/index.php?rest_route=%2Fwp%2Fv2%2Fmedia&parent=156408"}],"wp:term":[{"taxonomy":"category","embeddable":true,"href":"https:\/\/www.fuldaernachrichten.de\/index.php?rest_route=%2Fwp%2Fv2%2Fcategories&post=156408"},{"taxonomy":"post_tag","embeddable":true,"href":"https:\/\/www.fuldaernachrichten.de\/index.php?rest_route=%2Fwp%2Fv2%2Ftags&post=156408"}],"curies":[{"name":"wp","href":"https:\/\/api.w.org\/{rel}","templated":true}]}}