{"id":156403,"date":"2016-10-24T11:08:51","date_gmt":"2016-10-24T09:08:51","guid":{"rendered":"http:\/\/www.fuldaer-nachrichten.de\/?p=156403"},"modified":"2016-10-24T11:09:47","modified_gmt":"2016-10-24T09:09:47","slug":"hoffnung-schenken-ein-ganz-praktischer-beitrag-zum-frieden","status":"publish","type":"post","link":"https:\/\/www.fuldaernachrichten.de\/?p=156403","title":{"rendered":"Hoffnung schenken \u2013 ein ganz praktischer Beitrag zum Frieden"},"content":{"rendered":"<p>Mit der Kollekte der Friedenslichtaussendung 2015 wird ein ganz praktischer Beitrag geleistet zum friedlichen Miteinander im Bistum Fulda. Zwei Mitglieder der \u00f6kumenischen Friedenlicht-AG, Juliane Kulgemeyer von der DPSG (Deutsche Pfadfinderschaft St. Georg) und Christina Br\u00e4hler vom VCP (Verband Christlicher Pfadfinderinnen und Pfadfinder) \u00fcberreichten einen symbolischen Scheck in H\u00f6he von mehr als 850,- \u00e2\u201a\u00ac an den Jugendhilfeverbund St. Elisabeth, einer Einrichtung der Caritas. Das Geld wird in die Betreuung von Unbegleiteten Minderj\u00e4hrigen Ausl\u00e4ndern flie\u00dfen, also in die Betreuung von jugendlichen Fl\u00fcchtlingen, die ohne Eltern nach Deutschland kommen.<\/p>\n<p>Die Vertreter\/innen der Caritas zeigten sich beeindruckt von der H\u00f6he der Kollekte und informierten sich \u00fcber die Friedenslichtaktion. Gleichzeitig erhielten die beiden Pfadfinderinnen Informationen \u00fcber das Projekt im ehemaligen Sch\u00f6nstattzentrum in Dietershausen sowie eine F\u00fchrung durch das Geb\u00e4ude. Besonders interessant war das Gespr\u00e4ch, als es um die gute Nachbarschaft der Einrichtung mit den Ortsbewohnerinnen und Ortsbewohnern ging. Auch die Sch\u00f6nstattschwestern unterst\u00fctzen tatkr\u00e4ftig in der Betreuung der Jugendlichen, so dass bisher das Projekt als wirklich erfolgreich angesehen werden kann.<\/p>\n<p>Auch in diesem Jahr wird das Friedenslicht aus Bethlehem am 3. Advent wieder von Wien aus nach Fulda kommen und von dort ins ganze Bistum ausgesandt. Die Aussendungsfeier findet in diesem Jahr am 11.12. um 14 Uhr in der evangelischen Christuskirche in Fulda statt.<br \/>\nWeitere Informationen zur Friedenslichtaktion sind auf http:\/\/www.dpsg-fulda.de\/themen\/friedenslicht-aus-betlehem\/ zu finden.<\/p>\n","protected":false},"excerpt":{"rendered":"<div class=\"tmnf_excerpt\"><p>Mit der Kollekte der Friedenslichtaussendung 2015 wird ein ganz praktischer Beitrag geleistet zum friedlichen Miteinander im Bistum Fulda. Zwei Mitglieder der \u00f6kumenischen Friedenlicht-AG, Juliane Kulgemeyer von der DPSG (Deutsche Pfadfinderschaft St. Georg) und Christina Br\u00e4hler vom VCP (Verband Christlicher Pfadfinderinnen und Pfadfinder) \u00fcberreichten einen symbolischen Scheck in H\u00f6he von mehr als 850,- \u00e2\u201a\u00ac an den &hellip;<\/p>\n<\/div>","protected":false},"author":1,"featured_media":156410,"comment_status":"closed","ping_status":"closed","sticky":false,"template":"","format":"standard","meta":{"footnotes":""},"categories":[1],"tags":[],"class_list":["post-156403","post","type-post","status-publish","format-standard","has-post-thumbnail","hentry","category-startseite"],"_links":{"self":[{"href":"https:\/\/www.fuldaernachrichten.de\/index.php?rest_route=\/wp\/v2\/posts\/156403","targetHints":{"allow":["GET"]}}],"collection":[{"href":"https:\/\/www.fuldaernachrichten.de\/index.php?rest_route=\/wp\/v2\/posts"}],"about":[{"href":"https:\/\/www.fuldaernachrichten.de\/index.php?rest_route=\/wp\/v2\/types\/post"}],"author":[{"embeddable":true,"href":"https:\/\/www.fuldaernachrichten.de\/index.php?rest_route=\/wp\/v2\/users\/1"}],"replies":[{"embeddable":true,"href":"https:\/\/www.fuldaernachrichten.de\/index.php?rest_route=%2Fwp%2Fv2%2Fcomments&post=156403"}],"version-history":[{"count":1,"href":"https:\/\/www.fuldaernachrichten.de\/index.php?rest_route=\/wp\/v2\/posts\/156403\/revisions"}],"predecessor-version":[{"id":156409,"href":"https:\/\/www.fuldaernachrichten.de\/index.php?rest_route=\/wp\/v2\/posts\/156403\/revisions\/156409"}],"wp:featuredmedia":[{"embeddable":true,"href":"https:\/\/www.fuldaernachrichten.de\/index.php?rest_route=\/wp\/v2\/media\/156410"}],"wp:attachment":[{"href":"https:\/\/www.fuldaernachrichten.de\/index.php?rest_route=%2Fwp%2Fv2%2Fmedia&parent=156403"}],"wp:term":[{"taxonomy":"category","embeddable":true,"href":"https:\/\/www.fuldaernachrichten.de\/index.php?rest_route=%2Fwp%2Fv2%2Fcategories&post=156403"},{"taxonomy":"post_tag","embeddable":true,"href":"https:\/\/www.fuldaernachrichten.de\/index.php?rest_route=%2Fwp%2Fv2%2Ftags&post=156403"}],"curies":[{"name":"wp","href":"https:\/\/api.w.org\/{rel}","templated":true}]}}