{"id":1564,"date":"2007-02-10T00:26:55","date_gmt":"2007-02-09T23:26:55","guid":{"rendered":"http:\/\/www.schoene-nachrichten.de\/?p=1564"},"modified":"2007-02-10T01:38:08","modified_gmt":"2007-02-10T00:38:08","slug":"erste-kostuemsitzung-der-fkg-im-fuldaer-stadtsaal","status":"publish","type":"post","link":"https:\/\/www.fuldaernachrichten.de\/?p=1564","title":{"rendered":"Erste Kost\u00fcmsitzung der FKG im Fuldaer Stadtsaal"},"content":{"rendered":"<p><strong>Sch\u00f6nes aus Fulda.<\/strong> Gestern hat die erste Kost\u00fcmsitzung im\u00c2\u00a0ausverkauften Stadtsaal stattgefunden.\u00c2\u00a0Die Stimmung war toll, die Show gut &#8230; rundum ein gelungener Abend. Heute wollen wir nicht viele Buchstaben verteilen, sondern Bilder sprechen lassen. Sehen Sie hier eine Auswahl\u00c2\u00a0(33) vom gestrigen Abend. Weitere 95 Bilder\u00c2\u00a0finden Sie unter <a target=\"_blank\" href=\"http:\/\/www.pressefoto-fulda.de\">www.pressefoto-fulda.de<\/a> .<\/p>\n<p><strong>Fotos (33):<\/strong> Max Colin Heydenreich<\/p>\n<p><a target=\"_blank\" href=\"http:\/\/www.schoene-nachrichten.de\/wp-content\/uploads\/2007\/02\/070209_foaset_23.jpg\" title=\"Fotos (33): Max Colin Heydenreich\"><img decoding=\"async\" src=\"http:\/\/www.schoene-nachrichten.de\/wp-content\/uploads\/2007\/02\/070209_foaset_23.thumbnail.jpg\" alt=\"070209_foaset_23.jpg\" \/><\/a>\u00c2\u00a0<a target=\"_blank\" href=\"http:\/\/www.schoene-nachrichten.de\/wp-content\/uploads\/2007\/02\/070209_foaset_25.jpg\" title=\"Fotos (33): Max Colin Heydenreich\"><img decoding=\"async\" src=\"http:\/\/www.schoene-nachrichten.de\/wp-content\/uploads\/2007\/02\/070209_foaset_25.thumbnail.jpg\" alt=\"070209_foaset_25.jpg\" \/><\/a>\u00c2\u00a0<a target=\"_blank\" href=\"http:\/\/www.schoene-nachrichten.de\/wp-content\/uploads\/2007\/02\/070209_foaset_20.jpg\" title=\"Fotos (33): Max Colin Heydenreich\"><img decoding=\"async\" src=\"http:\/\/www.schoene-nachrichten.de\/wp-content\/uploads\/2007\/02\/070209_foaset_20.thumbnail.jpg\" alt=\"070209_foaset_20.jpg\" \/><\/a><\/p>\n<p><!--more--><a target=\"_blank\" href=\"http:\/\/www.schoene-nachrichten.de\/wp-content\/uploads\/2007\/02\/070209_foaset_33.jpg\" title=\"Fotos (33): Max Colin Heydenreich\"><img decoding=\"async\" src=\"http:\/\/www.schoene-nachrichten.de\/wp-content\/uploads\/2007\/02\/070209_foaset_33.thumbnail.jpg\" alt=\"070209_foaset_33.jpg\" \/><\/a>\u00c2\u00a0<a target=\"_blank\" href=\"http:\/\/www.schoene-nachrichten.de\/wp-content\/uploads\/2007\/02\/070209_foaset_32.jpg\" title=\"Fotos (33): Max Colin Heydenreich\"><img decoding=\"async\" src=\"http:\/\/www.schoene-nachrichten.de\/wp-content\/uploads\/2007\/02\/070209_foaset_32.thumbnail.jpg\" alt=\"070209_foaset_32.jpg\" \/><\/a>\u00c2\u00a0<a target=\"_blank\" href=\"http:\/\/www.schoene-nachrichten.de\/wp-content\/uploads\/2007\/02\/070209_foaset_31.jpg\" title=\"Fotos (33): Max Colin Heydenreich\"><img decoding=\"async\" src=\"http:\/\/www.schoene-nachrichten.de\/wp-content\/uploads\/2007\/02\/070209_foaset_31.thumbnail.jpg\" alt=\"070209_foaset_31.jpg\" \/><\/a><\/p>\n<p><a target=\"_blank\" href=\"http:\/\/www.schoene-nachrichten.de\/wp-content\/uploads\/2007\/02\/070209_foaset_30.jpg\" title=\"Fotos (33): Max Colin Heydenreich\"><img decoding=\"async\" src=\"http:\/\/www.schoene-nachrichten.de\/wp-content\/uploads\/2007\/02\/070209_foaset_30.thumbnail.jpg\" alt=\"070209_foaset_30.jpg\" \/><\/a>\u00c2\u00a0<a target=\"_blank\" href=\"http:\/\/www.schoene-nachrichten.de\/wp-content\/uploads\/2007\/02\/070209_foaset_29.jpg\" title=\"Fotos (33): Max Colin Heydenreich\"><img decoding=\"async\" src=\"http:\/\/www.schoene-nachrichten.de\/wp-content\/uploads\/2007\/02\/070209_foaset_29.thumbnail.jpg\" alt=\"070209_foaset_29.jpg\" \/><\/a>\u00c2\u00a0<a target=\"_blank\" href=\"http:\/\/www.schoene-nachrichten.de\/wp-content\/uploads\/2007\/02\/070209_foaset_28.jpg\" title=\"Fotos (33): Max Colin Heydenreich\"><img decoding=\"async\" src=\"http:\/\/www.schoene-nachrichten.de\/wp-content\/uploads\/2007\/02\/070209_foaset_28.thumbnail.jpg\" alt=\"070209_foaset_28.jpg\" \/><\/a><\/p>\n<p><a target=\"_blank\" href=\"http:\/\/www.schoene-nachrichten.de\/wp-content\/uploads\/2007\/02\/070209_foaset_27.jpg\" title=\"Fotos (33): Max Colin Heydenreich\"><img decoding=\"async\" src=\"http:\/\/www.schoene-nachrichten.de\/wp-content\/uploads\/2007\/02\/070209_foaset_27.thumbnail.jpg\" alt=\"070209_foaset_27.jpg\" \/><\/a>\u00c2\u00a0<a target=\"_blank\" href=\"http:\/\/www.schoene-nachrichten.de\/wp-content\/uploads\/2007\/02\/070209_foaset_26.jpg\" title=\"Fotos (33): Max Colin Heydenreich\"><img decoding=\"async\" src=\"http:\/\/www.schoene-nachrichten.de\/wp-content\/uploads\/2007\/02\/070209_foaset_26.thumbnail.jpg\" alt=\"070209_foaset_26.jpg\" \/><\/a>\u00c2\u00a0<a target=\"_blank\" href=\"http:\/\/www.schoene-nachrichten.de\/wp-content\/uploads\/2007\/02\/070209_foaset_24.jpg\" title=\"Fotos (33): Max Colin Heydenreich\"><img decoding=\"async\" src=\"http:\/\/www.schoene-nachrichten.de\/wp-content\/uploads\/2007\/02\/070209_foaset_24.thumbnail.jpg\" alt=\"070209_foaset_24.jpg\" \/><\/a><\/p>\n<p><a target=\"_blank\" href=\"http:\/\/www.schoene-nachrichten.de\/wp-content\/uploads\/2007\/02\/070209_foaset_22.jpg\" title=\"Fotos (33): Max Colin Heydenreich\"><img decoding=\"async\" src=\"http:\/\/www.schoene-nachrichten.de\/wp-content\/uploads\/2007\/02\/070209_foaset_22.thumbnail.jpg\" alt=\"070209_foaset_22.jpg\" \/><\/a>\u00c2\u00a0<a target=\"_blank\" href=\"http:\/\/www.schoene-nachrichten.de\/wp-content\/uploads\/2007\/02\/070209_foaset_21.jpg\" title=\"Fotos (33): Max Colin Heydenreich\"><img decoding=\"async\" src=\"http:\/\/www.schoene-nachrichten.de\/wp-content\/uploads\/2007\/02\/070209_foaset_21.thumbnail.jpg\" alt=\"070209_foaset_21.jpg\" \/><\/a>\u00c2\u00a0<a target=\"_blank\" href=\"http:\/\/www.schoene-nachrichten.de\/wp-content\/uploads\/2007\/02\/070209_foaset_19.jpg\" title=\"Fotos (33): Max Colin Heydenreich\"><img decoding=\"async\" src=\"http:\/\/www.schoene-nachrichten.de\/wp-content\/uploads\/2007\/02\/070209_foaset_19.thumbnail.jpg\" alt=\"070209_foaset_19.jpg\" \/><\/a><\/p>\n<p><a target=\"_blank\" href=\"http:\/\/www.schoene-nachrichten.de\/wp-content\/uploads\/2007\/02\/070209_foaset_18.jpg\" title=\"Fotos (33): Max Colin Heydenreich\"><img decoding=\"async\" src=\"http:\/\/www.schoene-nachrichten.de\/wp-content\/uploads\/2007\/02\/070209_foaset_18.thumbnail.jpg\" alt=\"070209_foaset_18.jpg\" \/><\/a>\u00c2\u00a0<a target=\"_blank\" href=\"http:\/\/www.schoene-nachrichten.de\/wp-content\/uploads\/2007\/02\/070209_foaset_17.jpg\" title=\"Fotos (33): Max Colin Heydenreich\"><img decoding=\"async\" src=\"http:\/\/www.schoene-nachrichten.de\/wp-content\/uploads\/2007\/02\/070209_foaset_17.thumbnail.jpg\" alt=\"070209_foaset_17.jpg\" \/><\/a>\u00c2\u00a0<a target=\"_blank\" href=\"http:\/\/www.schoene-nachrichten.de\/wp-content\/uploads\/2007\/02\/070209_foaset_16.jpg\" title=\"Fotos (33): Max Colin Heydenreich\"><img decoding=\"async\" src=\"http:\/\/www.schoene-nachrichten.de\/wp-content\/uploads\/2007\/02\/070209_foaset_16.thumbnail.jpg\" alt=\"070209_foaset_16.jpg\" \/><\/a><\/p>\n<p><a target=\"_blank\" href=\"http:\/\/www.schoene-nachrichten.de\/wp-content\/uploads\/2007\/02\/070209_foaset_15.jpg\" title=\"Fotos (33): Max Colin Heydenreich\"><img decoding=\"async\" src=\"http:\/\/www.schoene-nachrichten.de\/wp-content\/uploads\/2007\/02\/070209_foaset_15.thumbnail.jpg\" alt=\"070209_foaset_15.jpg\" \/><\/a>\u00c2\u00a0<a target=\"_blank\" href=\"http:\/\/www.schoene-nachrichten.de\/wp-content\/uploads\/2007\/02\/070209_foaset_14.jpg\" title=\"Fotos (33): Max Colin Heydenreich\"><img decoding=\"async\" src=\"http:\/\/www.schoene-nachrichten.de\/wp-content\/uploads\/2007\/02\/070209_foaset_14.thumbnail.jpg\" alt=\"070209_foaset_14.jpg\" \/><\/a>\u00c2\u00a0<a target=\"_blank\" href=\"http:\/\/www.schoene-nachrichten.de\/wp-content\/uploads\/2007\/02\/070209_foaset_13.jpg\" title=\"Fotos (33): Max Colin Heydenreich\"><img decoding=\"async\" src=\"http:\/\/www.schoene-nachrichten.de\/wp-content\/uploads\/2007\/02\/070209_foaset_13.thumbnail.jpg\" alt=\"070209_foaset_13.jpg\" \/><\/a><\/p>\n<p><a target=\"_blank\" href=\"http:\/\/www.schoene-nachrichten.de\/wp-content\/uploads\/2007\/02\/070209_foaset_12.jpg\" title=\"Fotos (33): Max Colin Heydenreich\"><img decoding=\"async\" src=\"http:\/\/www.schoene-nachrichten.de\/wp-content\/uploads\/2007\/02\/070209_foaset_12.thumbnail.jpg\" alt=\"070209_foaset_12.jpg\" \/><\/a>\u00c2\u00a0<a target=\"_blank\" href=\"http:\/\/www.schoene-nachrichten.de\/wp-content\/uploads\/2007\/02\/070209_foaset_11.jpg\" title=\"Fotos (33): Max Colin Heydenreich\"><img decoding=\"async\" src=\"http:\/\/www.schoene-nachrichten.de\/wp-content\/uploads\/2007\/02\/070209_foaset_11.thumbnail.jpg\" alt=\"070209_foaset_11.jpg\" \/><\/a>\u00c2\u00a0<a target=\"_blank\" href=\"http:\/\/www.schoene-nachrichten.de\/wp-content\/uploads\/2007\/02\/070209_foaset_10.jpg\" title=\"Fotos (33): Max Colin Heydenreich\"><img decoding=\"async\" src=\"http:\/\/www.schoene-nachrichten.de\/wp-content\/uploads\/2007\/02\/070209_foaset_10.thumbnail.jpg\" alt=\"070209_foaset_10.jpg\" \/><\/a><\/p>\n<p><a target=\"_blank\" href=\"http:\/\/www.schoene-nachrichten.de\/wp-content\/uploads\/2007\/02\/070209_foaset_09.jpg\" title=\"Fotos (33): Max Colin Heydenreich\"><img decoding=\"async\" src=\"http:\/\/www.schoene-nachrichten.de\/wp-content\/uploads\/2007\/02\/070209_foaset_09.thumbnail.jpg\" alt=\"070209_foaset_09.jpg\" \/><\/a>\u00c2\u00a0<a target=\"_blank\" href=\"http:\/\/www.schoene-nachrichten.de\/wp-content\/uploads\/2007\/02\/070209_foaset_08.jpg\" title=\"Fotos (33): Max Colin Heydenreich\"><img decoding=\"async\" src=\"http:\/\/www.schoene-nachrichten.de\/wp-content\/uploads\/2007\/02\/070209_foaset_08.thumbnail.jpg\" alt=\"070209_foaset_08.jpg\" \/><\/a>\u00c2\u00a0<a target=\"_blank\" href=\"http:\/\/www.schoene-nachrichten.de\/wp-content\/uploads\/2007\/02\/070209_foaset_07.jpg\" title=\"Fotos (33): Max Colin Heydenreich\"><img decoding=\"async\" src=\"http:\/\/www.schoene-nachrichten.de\/wp-content\/uploads\/2007\/02\/070209_foaset_07.thumbnail.jpg\" alt=\"070209_foaset_07.jpg\" \/><\/a><\/p>\n<p><a target=\"_blank\" href=\"http:\/\/www.schoene-nachrichten.de\/wp-content\/uploads\/2007\/02\/070209_foaset_06.jpg\" title=\"Fotos (33): Max Colin Heydenreich\"><img decoding=\"async\" src=\"http:\/\/www.schoene-nachrichten.de\/wp-content\/uploads\/2007\/02\/070209_foaset_06.thumbnail.jpg\" alt=\"070209_foaset_06.jpg\" \/><\/a>\u00c2\u00a0<a target=\"_blank\" href=\"http:\/\/www.schoene-nachrichten.de\/wp-content\/uploads\/2007\/02\/070209_foaset_05.jpg\" title=\"Fotos (33): Max Colin Heydenreich\"><img decoding=\"async\" src=\"http:\/\/www.schoene-nachrichten.de\/wp-content\/uploads\/2007\/02\/070209_foaset_05.thumbnail.jpg\" alt=\"070209_foaset_05.jpg\" \/><\/a>\u00c2\u00a0<a target=\"_blank\" href=\"http:\/\/www.schoene-nachrichten.de\/wp-content\/uploads\/2007\/02\/070209_foaset_04.jpg\" title=\"Fotos (33): Max Colin Heydenreich\"><img decoding=\"async\" src=\"http:\/\/www.schoene-nachrichten.de\/wp-content\/uploads\/2007\/02\/070209_foaset_04.thumbnail.jpg\" alt=\"070209_foaset_04.jpg\" \/><\/a><\/p>\n<p><a target=\"_blank\" href=\"http:\/\/www.schoene-nachrichten.de\/wp-content\/uploads\/2007\/02\/070209_foaset_03.jpg\" title=\"Fotos (33): Max Colin Heydenreich\"><img decoding=\"async\" src=\"http:\/\/www.schoene-nachrichten.de\/wp-content\/uploads\/2007\/02\/070209_foaset_03.thumbnail.jpg\" alt=\"070209_foaset_03.jpg\" \/><\/a>\u00c2\u00a0<a target=\"_blank\" href=\"http:\/\/www.schoene-nachrichten.de\/wp-content\/uploads\/2007\/02\/070209_foaset_02.jpg\" title=\"Fotos (33): Max Colin Heydenreich\"><img decoding=\"async\" src=\"http:\/\/www.schoene-nachrichten.de\/wp-content\/uploads\/2007\/02\/070209_foaset_02.thumbnail.jpg\" alt=\"070209_foaset_02.jpg\" \/><\/a>\u00c2\u00a0<a target=\"_blank\" href=\"http:\/\/www.schoene-nachrichten.de\/wp-content\/uploads\/2007\/02\/070209_foaset_01.jpg\" title=\"Fotos (33): Max Colin Heydenreich\"><img decoding=\"async\" src=\"http:\/\/www.schoene-nachrichten.de\/wp-content\/uploads\/2007\/02\/070209_foaset_01.thumbnail.jpg\" alt=\"070209_foaset_01.jpg\" \/><\/a><\/p>\n<p>Weitere 95 Bilder\u00c2\u00a0finden Sie unter <a target=\"_blank\" href=\"http:\/\/www.pressefoto-fulda.de\">www.pressefoto-fulda.de<\/a><\/p>\n","protected":false},"excerpt":{"rendered":"<div class=\"tmnf_excerpt\"><p>Sch\u00f6nes aus Fulda. Gestern hat die erste Kost\u00fcmsitzung im\u00c2\u00a0ausverkauften Stadtsaal stattgefunden.\u00c2\u00a0Die Stimmung war toll, die Show gut &#8230; rundum ein gelungener Abend. Heute wollen wir nicht viele Buchstaben verteilen, sondern Bilder sprechen lassen. Sehen Sie hier eine Auswahl\u00c2\u00a0(33) vom gestrigen Abend. Weitere 95 Bilder\u00c2\u00a0finden Sie unter www.pressefoto-fulda.de . Fotos (33): Max Colin Heydenreich \u00c2\u00a0\u00c2\u00a0<\/p>\n<\/div>","protected":false},"author":1,"featured_media":0,"comment_status":"closed","ping_status":"closed","sticky":false,"template":"","format":"standard","meta":{"footnotes":""},"categories":[1,54,44],"tags":[],"class_list":["post-1564","post","type-post","status-publish","format-standard","hentry","category-startseite","category-bildergalerien","category-kultur"],"_links":{"self":[{"href":"https:\/\/www.fuldaernachrichten.de\/index.php?rest_route=\/wp\/v2\/posts\/1564","targetHints":{"allow":["GET"]}}],"collection":[{"href":"https:\/\/www.fuldaernachrichten.de\/index.php?rest_route=\/wp\/v2\/posts"}],"about":[{"href":"https:\/\/www.fuldaernachrichten.de\/index.php?rest_route=\/wp\/v2\/types\/post"}],"author":[{"embeddable":true,"href":"https:\/\/www.fuldaernachrichten.de\/index.php?rest_route=\/wp\/v2\/users\/1"}],"replies":[{"embeddable":true,"href":"https:\/\/www.fuldaernachrichten.de\/index.php?rest_route=%2Fwp%2Fv2%2Fcomments&post=1564"}],"version-history":[{"count":0,"href":"https:\/\/www.fuldaernachrichten.de\/index.php?rest_route=\/wp\/v2\/posts\/1564\/revisions"}],"wp:attachment":[{"href":"https:\/\/www.fuldaernachrichten.de\/index.php?rest_route=%2Fwp%2Fv2%2Fmedia&parent=1564"}],"wp:term":[{"taxonomy":"category","embeddable":true,"href":"https:\/\/www.fuldaernachrichten.de\/index.php?rest_route=%2Fwp%2Fv2%2Fcategories&post=1564"},{"taxonomy":"post_tag","embeddable":true,"href":"https:\/\/www.fuldaernachrichten.de\/index.php?rest_route=%2Fwp%2Fv2%2Ftags&post=1564"}],"curies":[{"name":"wp","href":"https:\/\/api.w.org\/{rel}","templated":true}]}}