{"id":156389,"date":"2016-10-24T11:07:32","date_gmt":"2016-10-24T09:07:32","guid":{"rendered":"http:\/\/www.fuldaer-nachrichten.de\/?p=156389"},"modified":"2016-10-24T11:07:32","modified_gmt":"2016-10-24T09:07:32","slug":"symphonisches-blasorchester-fulda","status":"publish","type":"post","link":"https:\/\/www.fuldaernachrichten.de\/?p=156389","title":{"rendered":"Symphonisches Blasorchester Fulda"},"content":{"rendered":"<p><a href=\"http:\/\/www.fuldaer-nachrichten.de\/wp-content\/uploads\/2016\/10\/091128SBF-1.jpg\"><img decoding=\"async\" class=\"alignleft size-thumbnail wp-image-156396\" src=\"http:\/\/www.fuldaer-nachrichten.de\/wp-content\/uploads\/2016\/10\/091128SBF-1-265x115.jpg\" alt=\"091128sbf-1\" width=\"265\" height=\"115\" srcset=\"https:\/\/www.fuldaernachrichten.de\/wp-content\/uploads\/2016\/10\/091128SBF-1-265x115.jpg 265w, https:\/\/www.fuldaernachrichten.de\/wp-content\/uploads\/2016\/10\/091128SBF-1-768x334.jpg 768w, https:\/\/www.fuldaernachrichten.de\/wp-content\/uploads\/2016\/10\/091128SBF-1-600x261.jpg 600w, https:\/\/www.fuldaernachrichten.de\/wp-content\/uploads\/2016\/10\/091128SBF-1.jpg 900w\" sizes=\"(max-width: 265px) 100vw, 265px\" \/><\/a>Das Symphonische Blasorchester ist im Jahr 2009 von ca. 60 musikbegeisterten Musikerinnen und Musiker aus der Region Fulda ins Leben gerufen worden. Es setzt sich aus Ehemaligen und besonders leistungsstarken Aktiven des Blasorchesters der Freiherr-vom-Stein-Schule Fulda sowie aus an symphonischer Blasmusik interessierten Musikliebhabern aus dem Landkreis Fulda zusammen.<\/p>\n<p>Symphonische Blasmusik hat nichts mit b\u00f6hmisch-m\u00e4hrischer Blasmusik und den dort \u00fcblichen Polka-, Marsch- und Walzerkl\u00e4ngen zu tun. Vielmehr geht es darum, mit einer Holz- und Blechbl\u00e4serbesetzung, die von zahlreichen Schlagzeug- und Perkussionsinstrumenten unterst\u00fctzt wird, originale, eigens f\u00fcr diese Besetzung geschriebene und eingerichtete Kompositionen aufzuf\u00fchren.<\/p>\n<p>Dieses Jahr werden symphonische Blasmusikwerke des Fuldaer Komponisten Fred Armbruester, des Holl\u00e4nders Johan de Meij und der \u00d6sterreicher Otto M. Schwarz und Thomas Doss zu h\u00f6ren sein.<\/p>\n<p>Das Orchester ist als gemeinn\u00fctziger Verein anerkannt und trifft sich zu Wochenend-Probenphasen, um einmal im Jahr ein Konzertprogramm auf m\u00f6glichst hohem Niveau einzustudieren. Hinzu kommen noch Proben mit den einzelnen Registern, die mit den Mitgliedern individuell vereinbart werden. Jeweils im Sp\u00e4therbst eines Jahres werden die Ergebnisse in einem Festkonzert der breiten \u00d6ffentlichkeit vorgestellt.<\/p>\n<p>Die musikalische Leitung liegt bei Andr\u00e9 M\u00fcller, der als Dirigent des Blasorchesters der Freiherr-vom-Stein-Schule t\u00e4tig ist und der sich bei zahlreichen Dirigentenfortbildungen u.a. bei Felix Hauswirth, Timor Chadik und Alex Schillings zus\u00e4tzliche Impulse holen konnte. Zuletzt konnte er erfolgreich den berufsbegleitenden B-Lehrgang f\u00fcr Blasorchesterdirigenten an der Bundesakademie f\u00fcr musikalische Jugendbildung in Trossingen bei Prof. M\u00f6senbichler abschlie\u00dfen.\u00e2\u20ac\u00a8OB Dr. Heiko Wingenfeld unterst\u00fctzt dieses Projekt ausdr\u00fccklich und hat sich deshalb bereit erkl\u00e4rt, die Schirmherrschaft der Veranstaltung zu \u00fcbernehmen.<br \/>\nVeranstalter ist das Blasorchester der Freiherr-vom-Stein-Schule in Zusammenarbeit mit dem Symphonischen Blasorchester Fulda.<\/p>\n<p>Das Konzert des Symphonischen Blasorchesters Fulda findet am Samstag, 12. November 2016, um 19:30 Uhr (Einlass: 19:00 Uhr) in der Orangerie Fulda statt. Karten sind im Vorverkauf im Musikhaus Mollenhauer f\u00fcr 8 Euro (erm\u00e4\u00dfigt 5 Euro) erh\u00e4ltlich (Restkarten an der Abendkasse).<br \/>\nWeitere Infos unter www.sbo-fulda.de<\/p>\n","protected":false},"excerpt":{"rendered":"<div class=\"tmnf_excerpt\"><p>Das Symphonische Blasorchester ist im Jahr 2009 von ca. 60 musikbegeisterten Musikerinnen und Musiker aus der Region Fulda ins Leben gerufen worden. Es setzt sich aus Ehemaligen und besonders leistungsstarken Aktiven des Blasorchesters der Freiherr-vom-Stein-Schule Fulda sowie aus an symphonischer Blasmusik interessierten Musikliebhabern aus dem Landkreis Fulda zusammen. Symphonische Blasmusik hat nichts mit b\u00f6hmisch-m\u00e4hrischer Blasmusik &hellip;<\/p>\n<\/div>","protected":false},"author":1,"featured_media":156395,"comment_status":"closed","ping_status":"closed","sticky":false,"template":"","format":"standard","meta":{"footnotes":""},"categories":[1],"tags":[],"class_list":["post-156389","post","type-post","status-publish","format-standard","has-post-thumbnail","hentry","category-startseite"],"_links":{"self":[{"href":"https:\/\/www.fuldaernachrichten.de\/index.php?rest_route=\/wp\/v2\/posts\/156389","targetHints":{"allow":["GET"]}}],"collection":[{"href":"https:\/\/www.fuldaernachrichten.de\/index.php?rest_route=\/wp\/v2\/posts"}],"about":[{"href":"https:\/\/www.fuldaernachrichten.de\/index.php?rest_route=\/wp\/v2\/types\/post"}],"author":[{"embeddable":true,"href":"https:\/\/www.fuldaernachrichten.de\/index.php?rest_route=\/wp\/v2\/users\/1"}],"replies":[{"embeddable":true,"href":"https:\/\/www.fuldaernachrichten.de\/index.php?rest_route=%2Fwp%2Fv2%2Fcomments&post=156389"}],"version-history":[{"count":1,"href":"https:\/\/www.fuldaernachrichten.de\/index.php?rest_route=\/wp\/v2\/posts\/156389\/revisions"}],"predecessor-version":[{"id":156397,"href":"https:\/\/www.fuldaernachrichten.de\/index.php?rest_route=\/wp\/v2\/posts\/156389\/revisions\/156397"}],"wp:featuredmedia":[{"embeddable":true,"href":"https:\/\/www.fuldaernachrichten.de\/index.php?rest_route=\/wp\/v2\/media\/156395"}],"wp:attachment":[{"href":"https:\/\/www.fuldaernachrichten.de\/index.php?rest_route=%2Fwp%2Fv2%2Fmedia&parent=156389"}],"wp:term":[{"taxonomy":"category","embeddable":true,"href":"https:\/\/www.fuldaernachrichten.de\/index.php?rest_route=%2Fwp%2Fv2%2Fcategories&post=156389"},{"taxonomy":"post_tag","embeddable":true,"href":"https:\/\/www.fuldaernachrichten.de\/index.php?rest_route=%2Fwp%2Fv2%2Ftags&post=156389"}],"curies":[{"name":"wp","href":"https:\/\/api.w.org\/{rel}","templated":true}]}}