{"id":156385,"date":"2016-10-24T11:06:06","date_gmt":"2016-10-24T09:06:06","guid":{"rendered":"http:\/\/www.fuldaer-nachrichten.de\/?p=156385"},"modified":"2016-10-24T11:06:06","modified_gmt":"2016-10-24T09:06:06","slug":"dringend-verstaerkung-des-aerzteteams-gesucht-mitgliederversammlung-des-vereins-werksarztzentrum-fulda-e-v","status":"publish","type":"post","link":"https:\/\/www.fuldaernachrichten.de\/?p=156385","title":{"rendered":"Dringend Verst\u00e4rkung des \u00c4rzteteams gesucht &#8211; Mitgliederversammlung des Vereins Werksarztzentrum Fulda e.V."},"content":{"rendered":"<p>Eine \u00fcberaus positive Resonanz der Mitglieder und zahlreiche Anfragen weiterer Betriebe auf der einen Seite, eine vakante Facharztstelle f\u00fcr Arbeits-\/Betriebsmedizin auf der anderen Seite: Anl\u00e4sslich der k\u00fcrzlich anberaumten Mitgliederversammlung des Vereins Werksarztzentrum Fulda e.V. wies der Vorstandsvorsitzende Hans Pfleger nachdr\u00fccklich auf die aktuell schwierige Situation hin. \u201cDer Verein hat insgesamt 105 Mitglieder, zu ihnen z\u00e4hlen insbesondere Firmen aus dem hiesigen Raum, f\u00fcr die das Werksarztzentrum Fulda e.V. die arbeitsmedizinische Betreuung \u00fcbernimmt.\u201c In diesem Zusammenhang verwies Pfleger darauf, dass die Mitgliedsbeitr\u00e4ge seit mittlerweile 2010 stabil geblieben seien. Zahlreiche Anfragen weiterer Unternehmen, die sich f\u00fcr eine Mitgliedschaft interessieren, l\u00e4gen vor. Dennoch: \u201eWenngleich unsere drei \u00c4rzte engagiert im Einsatz sind, muss die Arbeit auch verl\u00e4sslich bew\u00e4ltigt werden k\u00f6nnen.\u201c Daher sei man trotz intensiver Bem\u00fchungen auch weiterhin auf der dringlichen Suche nach einer \u00e4rztlichen Verst\u00e4rkung. \u201eDa im\u00c2\u00a0 Zentrum inzwischen auch eine Weiterbildungserm\u00e4chtigung vorliegt, k\u00f6nnte ein Arzt oder eine \u00c4rztin mit den entsprechenden Voraussetzungen ausgebildet werden.\u201c Abschied nehmen hie\u00df es dann von Christel Hillenbrand, bisher bei der Jumo GmbH &amp; Co.KG t\u00e4tig, jetzt im Ruhestand und seit 2007 im Vorstand des Werksarztzentrum Fulda e.V. engagiert. Hans Pfleger dankte herzlich f\u00fcr das gro\u00dfe Engagement und verband dies mit den besten W\u00fcnschen zum Ruhestand. Als Nachfolgerin konnte der Vorstandsvorsitzende Alexandra Vogler, stellvertretende Personalleiterin Jumo GmbH &amp; Co. KG, vorstellen, die bis zur Neuwahl 2017 zun\u00e4chst als kooptiertes Mitglied dem Vorstand des Werksarztzentrum Fulda e.V. angeh\u00f6rt.<\/p>\n<p>www.waz-fulda.de<\/p>\n<p>Abschied und Willkommen: Herzlicher Dank von dem Vorstandsvorsitzenden des Werksarztzentrum Fulda e.V., Hans Pfleger, an das langj\u00e4hrige Vorstandsmitglied Christel Hillenbrand (re.) und Begr\u00fc\u00dfung der Nachfolgerin Alexandra Vogler.<\/p>\n","protected":false},"excerpt":{"rendered":"<div class=\"tmnf_excerpt\"><p>Eine \u00fcberaus positive Resonanz der Mitglieder und zahlreiche Anfragen weiterer Betriebe auf der einen Seite, eine vakante Facharztstelle f\u00fcr Arbeits-\/Betriebsmedizin auf der anderen Seite: Anl\u00e4sslich der k\u00fcrzlich anberaumten Mitgliederversammlung des Vereins Werksarztzentrum Fulda e.V. wies der Vorstandsvorsitzende Hans Pfleger nachdr\u00fccklich auf die aktuell schwierige Situation hin. \u201cDer Verein hat insgesamt 105 Mitglieder, zu ihnen z\u00e4hlen &hellip;<\/p>\n<\/div>","protected":false},"author":1,"featured_media":156387,"comment_status":"closed","ping_status":"closed","sticky":false,"template":"","format":"standard","meta":{"footnotes":""},"categories":[1],"tags":[],"class_list":["post-156385","post","type-post","status-publish","format-standard","has-post-thumbnail","hentry","category-startseite"],"_links":{"self":[{"href":"https:\/\/www.fuldaernachrichten.de\/index.php?rest_route=\/wp\/v2\/posts\/156385","targetHints":{"allow":["GET"]}}],"collection":[{"href":"https:\/\/www.fuldaernachrichten.de\/index.php?rest_route=\/wp\/v2\/posts"}],"about":[{"href":"https:\/\/www.fuldaernachrichten.de\/index.php?rest_route=\/wp\/v2\/types\/post"}],"author":[{"embeddable":true,"href":"https:\/\/www.fuldaernachrichten.de\/index.php?rest_route=\/wp\/v2\/users\/1"}],"replies":[{"embeddable":true,"href":"https:\/\/www.fuldaernachrichten.de\/index.php?rest_route=%2Fwp%2Fv2%2Fcomments&post=156385"}],"version-history":[{"count":1,"href":"https:\/\/www.fuldaernachrichten.de\/index.php?rest_route=\/wp\/v2\/posts\/156385\/revisions"}],"predecessor-version":[{"id":156388,"href":"https:\/\/www.fuldaernachrichten.de\/index.php?rest_route=\/wp\/v2\/posts\/156385\/revisions\/156388"}],"wp:featuredmedia":[{"embeddable":true,"href":"https:\/\/www.fuldaernachrichten.de\/index.php?rest_route=\/wp\/v2\/media\/156387"}],"wp:attachment":[{"href":"https:\/\/www.fuldaernachrichten.de\/index.php?rest_route=%2Fwp%2Fv2%2Fmedia&parent=156385"}],"wp:term":[{"taxonomy":"category","embeddable":true,"href":"https:\/\/www.fuldaernachrichten.de\/index.php?rest_route=%2Fwp%2Fv2%2Fcategories&post=156385"},{"taxonomy":"post_tag","embeddable":true,"href":"https:\/\/www.fuldaernachrichten.de\/index.php?rest_route=%2Fwp%2Fv2%2Ftags&post=156385"}],"curies":[{"name":"wp","href":"https:\/\/api.w.org\/{rel}","templated":true}]}}