{"id":156379,"date":"2016-10-24T11:05:04","date_gmt":"2016-10-24T09:05:04","guid":{"rendered":"http:\/\/www.fuldaer-nachrichten.de\/?p=156379"},"modified":"2016-10-24T11:05:04","modified_gmt":"2016-10-24T09:05:04","slug":"pfadfinder-der-dpsg-st-bonifatius-beteiligen-sich-am-waechtersbacher-herbstmarkt","status":"publish","type":"post","link":"https:\/\/www.fuldaernachrichten.de\/?p=156379","title":{"rendered":"Pfadfinder der DPSG St. Bonifatius beteiligen sich am W\u00e4chtersbacher Herbstmarkt"},"content":{"rendered":"<p><a href=\"http:\/\/www.fuldaer-nachrichten.de\/wp-content\/uploads\/2016\/10\/2016-10-21-Bild2.jpg\"><img decoding=\"async\" class=\"alignleft size-thumbnail wp-image-156383\" src=\"http:\/\/www.fuldaer-nachrichten.de\/wp-content\/uploads\/2016\/10\/2016-10-21-Bild2-265x177.jpg\" alt=\"2016-10-21-bild2\" width=\"265\" height=\"177\" srcset=\"https:\/\/www.fuldaernachrichten.de\/wp-content\/uploads\/2016\/10\/2016-10-21-Bild2-265x177.jpg 265w, https:\/\/www.fuldaernachrichten.de\/wp-content\/uploads\/2016\/10\/2016-10-21-Bild2-768x512.jpg 768w, https:\/\/www.fuldaernachrichten.de\/wp-content\/uploads\/2016\/10\/2016-10-21-Bild2-600x400.jpg 600w, https:\/\/www.fuldaernachrichten.de\/wp-content\/uploads\/2016\/10\/2016-10-21-Bild2.jpg 900w\" sizes=\"(max-width: 265px) 100vw, 265px\" \/><\/a>Im Innenhof hinter \u201eUli\u00c2\u00b4s Obst- und Gem\u00fcsekiste\u201c traf sich an diesem Tag ganz W\u00e4chtersbach \u2013 das h\u00e4tte man beim Herbstmarkt in der W\u00e4chtersbacher Altstadt denken k\u00f6nnen, denn in besagtem Innenhof gab es den ganzen Tag fast kein Durchkommen, so viele Menschen wollten den Beitrag der W\u00e4chtersbacher Pfadfinder vom Stamm St. Bonifatius zum diesj\u00e4hrigen Herbstmarkt genie\u00dfen. \u201eBei Euch hier im Hof ist es so sch\u00f6n!\u201c war an diesem Tag von vielen Herbstmarktbesucherinnen und -besuchern zu h\u00f6ren, und das machte die Helferinnen und Helfer stolz, hatten sie doch mit viel M\u00fche sowohl den Hof vorbereitet und gestaltet als auch viel Leckeres vorbereitet.<\/p>\n<p>So fand die schon traditionelle K\u00fcrbissuppe ebenso wie die schon legend\u00e4ren K\u00fcrbisbratlinge rei\u00dfenden Absatz, die Flammkuchen waren hei\u00df begehrt, die Pfadfinder, die leckere Waffeln produzierten, kamen fast nicht nach und das von vielen Eltern best\u00fcckte, phantastische Kuchenbuffet nahm rasend schnell ab. Zusammen mit einer Tasse Kaffee aus fairem Handel lie\u00df sich der Kuchen unter dem gro\u00dfen Jurtendach bei wundersch\u00f6nem Herbstwetter bei fast 20 Grad Celsius aber auch vortrefflich verspeisen.<\/p>\n<p>Auch selbstgekochte K\u00fcrbismarmelade in verschiedenen Variationen wurde angeboten und von den Besuchern gerne mit nach Hause genommen.<\/p>\n<p>\u201eWir sind sehr zufrieden\u201c, zieht Stammesvorstand Markus Leis Bilanz, \u201eviele Pfadfinder und Eltern haben mitgeholfen, von den ganz kleinen bis hin zu den ehemaligen. So haben wir ordentlich etwas erwirtschaften k\u00f6nnen, was dann wieder den Gruppen und der Stammesarbeit zugutekommt.\u201c<\/p>\n<p>Weitere Infomationen zur Arbeit der DPSG St. Bonifatius W\u00e4chtersbach sind unter http:\/\/www.stamm-bonifatius.de\/ zu finden.<br \/>\nWer die Arbeit des Stammes unterst\u00fctzen m\u00f6chte, kann dies gerne tun: DPSG W\u00e4chtersbach, Kto 5 479 878 bei der VR Bank W\u00e4chtersbach (BLZ 506 616 39).<\/p>\n<p>Der Stamm St. Bonifatius W\u00e4chtersbach ist mit seinen \u00fcber 100 Mitgliedern Teil der DPSG im Bistum Fulda, in der \u00fcber 1000 Pfadfinder in 21 St\u00e4mmen aktiv sind.<\/p>\n<p>Die DPSG ist mit 95.000 Mitgliedern der gr\u00f6\u00dfte katholische Pfadfinderverband in Deutschland. Sie ist Mitglied im Weltpfadfinderverband (WOSM), im Ring deutscher Pfadfinderverb\u00e4nde (RdP) und im Bund der deutschen katholischen Jugend (BDKJ). In Der DPSG werden der Geist und die Traditionen der weltweiten Pfadfinderbewegung gelebt und erlebt. Die DPSG versteht sich als ein Verband, der den Mitgliedern die M\u00f6glichkeit gibt, mit Gleichaltrigen selbstverantwortlich und engagiert in Gruppen zusammen zu leben. Die W\u00f6lflinge (7 bis 10 Jahre) entdecken und gestalten ihren Alltag. Die Jungpfadfinder (10 bis 13 Jahre) erleben gemeinsam den Beginn der Jugend. Pfadfinder (13 bis 16 Jahre) wagen es, ihren eigenen Weg zu gehen. Rover (16 bis 20 Jahre) sind unterwegs, erkunden die Welt und packen Probleme an. Begleitet werden die Kinder und Jugendlichen durch erwachsene Leiterinnen und Leiter.<\/p>\n","protected":false},"excerpt":{"rendered":"<div class=\"tmnf_excerpt\"><p>Im Innenhof hinter \u201eUli\u00c2\u00b4s Obst- und Gem\u00fcsekiste\u201c traf sich an diesem Tag ganz W\u00e4chtersbach \u2013 das h\u00e4tte man beim Herbstmarkt in der W\u00e4chtersbacher Altstadt denken k\u00f6nnen, denn in besagtem Innenhof gab es den ganzen Tag fast kein Durchkommen, so viele Menschen wollten den Beitrag der W\u00e4chtersbacher Pfadfinder vom Stamm St. Bonifatius zum diesj\u00e4hrigen Herbstmarkt genie\u00dfen. &hellip;<\/p>\n<\/div>","protected":false},"author":1,"featured_media":156382,"comment_status":"closed","ping_status":"closed","sticky":false,"template":"","format":"standard","meta":{"footnotes":""},"categories":[1],"tags":[],"class_list":["post-156379","post","type-post","status-publish","format-standard","has-post-thumbnail","hentry","category-startseite"],"_links":{"self":[{"href":"https:\/\/www.fuldaernachrichten.de\/index.php?rest_route=\/wp\/v2\/posts\/156379","targetHints":{"allow":["GET"]}}],"collection":[{"href":"https:\/\/www.fuldaernachrichten.de\/index.php?rest_route=\/wp\/v2\/posts"}],"about":[{"href":"https:\/\/www.fuldaernachrichten.de\/index.php?rest_route=\/wp\/v2\/types\/post"}],"author":[{"embeddable":true,"href":"https:\/\/www.fuldaernachrichten.de\/index.php?rest_route=\/wp\/v2\/users\/1"}],"replies":[{"embeddable":true,"href":"https:\/\/www.fuldaernachrichten.de\/index.php?rest_route=%2Fwp%2Fv2%2Fcomments&post=156379"}],"version-history":[{"count":1,"href":"https:\/\/www.fuldaernachrichten.de\/index.php?rest_route=\/wp\/v2\/posts\/156379\/revisions"}],"predecessor-version":[{"id":156384,"href":"https:\/\/www.fuldaernachrichten.de\/index.php?rest_route=\/wp\/v2\/posts\/156379\/revisions\/156384"}],"wp:featuredmedia":[{"embeddable":true,"href":"https:\/\/www.fuldaernachrichten.de\/index.php?rest_route=\/wp\/v2\/media\/156382"}],"wp:attachment":[{"href":"https:\/\/www.fuldaernachrichten.de\/index.php?rest_route=%2Fwp%2Fv2%2Fmedia&parent=156379"}],"wp:term":[{"taxonomy":"category","embeddable":true,"href":"https:\/\/www.fuldaernachrichten.de\/index.php?rest_route=%2Fwp%2Fv2%2Fcategories&post=156379"},{"taxonomy":"post_tag","embeddable":true,"href":"https:\/\/www.fuldaernachrichten.de\/index.php?rest_route=%2Fwp%2Fv2%2Ftags&post=156379"}],"curies":[{"name":"wp","href":"https:\/\/api.w.org\/{rel}","templated":true}]}}