{"id":156375,"date":"2016-10-24T11:05:23","date_gmt":"2016-10-24T09:05:23","guid":{"rendered":"http:\/\/www.fuldaer-nachrichten.de\/?p=156375"},"modified":"2016-10-24T11:05:23","modified_gmt":"2016-10-24T09:05:23","slug":"gruene-garantierente-rezepte-gegen-die-armut","status":"publish","type":"post","link":"https:\/\/www.fuldaernachrichten.de\/?p=156375","title":{"rendered":"Gr\u00fcne Garantierente \u2013 Rezepte gegen die Armut"},"content":{"rendered":"<p>Dr. Wolfgang Strengmann-Kuhn, sozialpolitischer Sprecher der GR\u00dcNEN im Bundestag, kommt am Mittwoch 02.November um 19 Uhr nach Lauterbach ins Posthotel Johannesberg.<br \/>\nVor seinem Einzug in den Bundestag war Strengmann-Kuhn als Volkswirt u.a. an den Universit\u00e4ten Bielefeld, Frankfurt\/M. und Hohenheim t\u00e4tig. Zuletzt war er Lehrstuhlvertreter der Professur f\u00fcr Labour Economics an der Goethe-Universit\u00e4t Frankfurt.<\/p>\n<p>In Lauterbach stellt er das gr\u00fcne Rentenkonzept vor und zeigt, wie gesellschaftliche Teilhabe f\u00fcr alle m\u00f6glich werden kann. B\u00fcrgerversicherung \u2013 Garantierente \u2013 Bessere Altersvorsorge f\u00fcr Frauen \u2013 Flexibler Renteneintritt \u2013 Gerechte Regelung f\u00fcr Schwerbehinderte \u2013 Keine Zwangsverrentung von Langzeitarbeitslosen. Das sind die Themen, um die es an diesem Abend haupts\u00e4chlich gehen wird.<br \/>\nAufgrund des sinkenden Rentenniveaus sind viele Menschen davon bedroht, im Alter Sozialhilfe beziehen zu m\u00fcssen. Die Gr\u00fcnen wollen das Rentenniveau stabilisieren und haben ein Konzept f\u00fcr eine steuerfinanzierte Garantierente erarbeitet, die allen Menschen, die mindestens 30 rentenversicherungspflichtige Jahre vorweisen k\u00f6nnen, eine Rente erm\u00f6glicht, die oberhalb der Grundsicherung liegt. Das gilt f\u00fcr alle, die den gr\u00f6\u00dften Teil ihres Lebens gearbeitet, Kinder erzogen, andere Menschen gepflegt oder sonstige Anwartschaften in der Rentenversicherung erworben haben. Das kommt insbesondere Frauen zu Gute, da diese besonders h\u00e4ufig von Altersarmut bedroht sind.<br \/>\nDas gr\u00fcne Rentenkonzept sieht au\u00dferdem mehr Selbstbestimmung beim Renteneintrittsalter vor. Manche wollen bereits vor dem 63. Lebensjahr in Altersteilzeit gehen, andere wollen \u00fcber die Regelaltersgrenze hinaus noch voll erwerbst\u00e4tig bleiben. Das Renteneintrittsalter sollte daher keine starre Grenze mehr darstellen. Altersteilzeit soll bereits ab dem 60. Lebensjahr m\u00f6glich sein. Da man damit aber auf einen Teil seines Gehalts verzichtet, sollten gleichzeitig die Hinzuverdienstregelungen vereinfacht werden. Wolfgang Strengmann-Kuhn wird erl\u00e4utern, wie das genau funktionieren soll. Fragen, Kritik und Anregungen dazu sind erw\u00fcnscht.<\/p>\n<p>M\u00f6glichkeiten zur \u00dcberwindung von Armut sind das Thema des engagierten Sozialpolitikers. \u201e\u00dcber drei Millionen arme Erwerbst\u00e4tige und zweieinhalb Millionen arme Kinder sind ein Skandal f\u00fcr ein reiches Land wie Deutschland&#8221;, erkl\u00e4rt Strengmann-Kuhn. \u201eDie meisten Eltern von armen Kindern sind erwerbst\u00e4tig, der Mindestlohn reicht jedoch nicht aus, um das Existenzminimum zu sichern.\u201c<br \/>\nEr setzt sich deshalb besonders ein f\u00fcr eine Kindergrundsicherung, f\u00fcr eine bessere Unterst\u00fctzung von Familien und Alleinerziehenden und f\u00fcr ein soziales Europa, das allen B\u00fcrgern eine Grundsicherung garantiert.<\/p>\n<p>Im Rahmen seiner \u201eGarantiert-Gr\u00fcn-Gerecht-Tour\u201c\u00c2\u00a0 war der Bundestagsabgeordnete aus Offenbach in den letzten Monaten in Hessen unterwegs. Er besuchte verschiedene Einrichtungen und machte Informations- und Diskussionsveranstaltungen, um sich vor Ort \u00fcber sozialpolitische Probleme und Ans\u00e4tze zu informieren und deutlich zu machen, wie Gr\u00fcne Sozialpolitik aussieht.<br \/>\nAuch die kontrovers diskutierte Forderung nach einem Grundeinkommen war Thema von Veranstaltungen im Rahmen der Tour. \u201eDas Interesse am Grundeinkommen ist sp\u00e4testens seit dem Schweizer Volksentscheid wieder stark angestiegen\u201c freut sich Strengmann-Kuhn.<\/p>\n","protected":false},"excerpt":{"rendered":"<div class=\"tmnf_excerpt\"><p>Dr. Wolfgang Strengmann-Kuhn, sozialpolitischer Sprecher der GR\u00dcNEN im Bundestag, kommt am Mittwoch 02.November um 19 Uhr nach Lauterbach ins Posthotel Johannesberg. Vor seinem Einzug in den Bundestag war Strengmann-Kuhn als Volkswirt u.a. an den Universit\u00e4ten Bielefeld, Frankfurt\/M. und Hohenheim t\u00e4tig. Zuletzt war er Lehrstuhlvertreter der Professur f\u00fcr Labour Economics an der Goethe-Universit\u00e4t Frankfurt. In Lauterbach &hellip;<\/p>\n<\/div>","protected":false},"author":1,"featured_media":0,"comment_status":"closed","ping_status":"closed","sticky":false,"template":"","format":"standard","meta":{"footnotes":""},"categories":[1],"tags":[],"class_list":["post-156375","post","type-post","status-publish","format-standard","hentry","category-startseite"],"_links":{"self":[{"href":"https:\/\/www.fuldaernachrichten.de\/index.php?rest_route=\/wp\/v2\/posts\/156375","targetHints":{"allow":["GET"]}}],"collection":[{"href":"https:\/\/www.fuldaernachrichten.de\/index.php?rest_route=\/wp\/v2\/posts"}],"about":[{"href":"https:\/\/www.fuldaernachrichten.de\/index.php?rest_route=\/wp\/v2\/types\/post"}],"author":[{"embeddable":true,"href":"https:\/\/www.fuldaernachrichten.de\/index.php?rest_route=\/wp\/v2\/users\/1"}],"replies":[{"embeddable":true,"href":"https:\/\/www.fuldaernachrichten.de\/index.php?rest_route=%2Fwp%2Fv2%2Fcomments&post=156375"}],"version-history":[{"count":1,"href":"https:\/\/www.fuldaernachrichten.de\/index.php?rest_route=\/wp\/v2\/posts\/156375\/revisions"}],"predecessor-version":[{"id":156386,"href":"https:\/\/www.fuldaernachrichten.de\/index.php?rest_route=\/wp\/v2\/posts\/156375\/revisions\/156386"}],"wp:attachment":[{"href":"https:\/\/www.fuldaernachrichten.de\/index.php?rest_route=%2Fwp%2Fv2%2Fmedia&parent=156375"}],"wp:term":[{"taxonomy":"category","embeddable":true,"href":"https:\/\/www.fuldaernachrichten.de\/index.php?rest_route=%2Fwp%2Fv2%2Fcategories&post=156375"},{"taxonomy":"post_tag","embeddable":true,"href":"https:\/\/www.fuldaernachrichten.de\/index.php?rest_route=%2Fwp%2Fv2%2Ftags&post=156375"}],"curies":[{"name":"wp","href":"https:\/\/api.w.org\/{rel}","templated":true}]}}