{"id":156373,"date":"2016-10-24T11:04:03","date_gmt":"2016-10-24T09:04:03","guid":{"rendered":"http:\/\/www.fuldaer-nachrichten.de\/?p=156373"},"modified":"2016-10-24T11:26:36","modified_gmt":"2016-10-24T09:26:36","slug":"am-schlossberg-32-36304-alsfeld-altenburg-tel-06631-9616-0-fax-06631-9616-16-e-mail-infovogelsberg-consult-de-www-vogelsberg-consult-deelternzeit-und-wiedereinstieg-erfolgreich-gestalten","status":"publish","type":"post","link":"https:\/\/www.fuldaernachrichten.de\/?p=156373","title":{"rendered":"Elternzeit und Wiedereinstieg erfolgreich gestalten \u2013 Elterngeld, ElterngeldPlus und Elternzeitmanagement \u2013 Chancen und Herausforderungen"},"content":{"rendered":"<p>Basis-Elterngeld, ElterngeldPlus und Partnerschaftsmonate &#8211; wie funktioniert&#8217;s und welche Variante ist die passende? Welche Konsequenzen ergeben sich daraus f\u00fcr Besch\u00e4ftigte und Arbeitgeber? Vielf\u00e4ltige Fragestellungen, aber auch eine Chance f\u00fcr Unternehmen, ihre Besch\u00e4ftigten bei der Entscheidung im Sinne einer besseren Vereinbarkeit von Familie &amp; Beruf beratend zu unterst\u00fctzen und Fachkr\u00e4fte schneller ins Unternehmen zur\u00fcck zu bringen.<\/p>\n<p>Das eint\u00e4gige Seminar &#8220;Elternzeit und Wiedereinstieg erfolgreich gestalten &#8211; Elterngeld, ElterngeldPlus und Elternzeitmanagement &#8211; Chancen und Herausforderungen&#8221; der Vogelsberg Consult GmbH, das in Kooperation mit dem Lokalen B\u00fcndnis f\u00fcr Familie im Vogelsberg angeboten wird, richtet sich an F\u00fchrungskr\u00e4fte, Personaler und Betriebsratsmitglieder. Es informiert zu gesetzlichen Regelungen sowie Gestaltungsm\u00f6glichkeiten in der Umsetzung und bietet Raum f\u00fcr Diskussionen und Fallbeispiele.<\/p>\n<p>Die Veranstaltung findet am Freitag, dem 18. November 2016 in Lauterbach statt.<br \/>\nAnmeldeschluss ist der 28. Oktober 2016, die Teilnahme ist kostenpflichtig. Infos und Anmeldung unter ortstadt@vogelsberg-consult.de oder 06631\/961618, Andrea Ortstadt.<\/p>\n<p>Frau Petra Kather-Skibbe aus Berlin wird die Teilnehmenden als Referentin durch den Tag begleiten. Sie ist Wirtschaftsingenieurin (FH) mit dem Schwerpunkt Arbeits- und Organisationsgestaltung sowie Systemische Beraterin und Prozessbegleiterin und bringt umf\u00e4ngliche Erfahrungen in der Beratung zu den Themen Vereinbarkeit und den Gestaltungsm\u00f6glichkeiten von Elternzeit- und Elterngeld mit.<\/p>\n","protected":false},"excerpt":{"rendered":"<div class=\"tmnf_excerpt\"><p>Basis-Elterngeld, ElterngeldPlus und Partnerschaftsmonate &#8211; wie funktioniert&#8217;s und welche Variante ist die passende? Welche Konsequenzen ergeben sich daraus f\u00fcr Besch\u00e4ftigte und Arbeitgeber? Vielf\u00e4ltige Fragestellungen, aber auch eine Chance f\u00fcr Unternehmen, ihre Besch\u00e4ftigten bei der Entscheidung im Sinne einer besseren Vereinbarkeit von Familie &amp; Beruf beratend zu unterst\u00fctzen und Fachkr\u00e4fte schneller ins Unternehmen zur\u00fcck zu bringen. &hellip;<\/p>\n<\/div>","protected":false},"author":1,"featured_media":0,"comment_status":"closed","ping_status":"closed","sticky":false,"template":"","format":"standard","meta":{"footnotes":""},"categories":[1],"tags":[],"class_list":["post-156373","post","type-post","status-publish","format-standard","hentry","category-startseite"],"_links":{"self":[{"href":"https:\/\/www.fuldaernachrichten.de\/index.php?rest_route=\/wp\/v2\/posts\/156373","targetHints":{"allow":["GET"]}}],"collection":[{"href":"https:\/\/www.fuldaernachrichten.de\/index.php?rest_route=\/wp\/v2\/posts"}],"about":[{"href":"https:\/\/www.fuldaernachrichten.de\/index.php?rest_route=\/wp\/v2\/types\/post"}],"author":[{"embeddable":true,"href":"https:\/\/www.fuldaernachrichten.de\/index.php?rest_route=\/wp\/v2\/users\/1"}],"replies":[{"embeddable":true,"href":"https:\/\/www.fuldaernachrichten.de\/index.php?rest_route=%2Fwp%2Fv2%2Fcomments&post=156373"}],"version-history":[{"count":2,"href":"https:\/\/www.fuldaernachrichten.de\/index.php?rest_route=\/wp\/v2\/posts\/156373\/revisions"}],"predecessor-version":[{"id":156438,"href":"https:\/\/www.fuldaernachrichten.de\/index.php?rest_route=\/wp\/v2\/posts\/156373\/revisions\/156438"}],"wp:attachment":[{"href":"https:\/\/www.fuldaernachrichten.de\/index.php?rest_route=%2Fwp%2Fv2%2Fmedia&parent=156373"}],"wp:term":[{"taxonomy":"category","embeddable":true,"href":"https:\/\/www.fuldaernachrichten.de\/index.php?rest_route=%2Fwp%2Fv2%2Fcategories&post=156373"},{"taxonomy":"post_tag","embeddable":true,"href":"https:\/\/www.fuldaernachrichten.de\/index.php?rest_route=%2Fwp%2Fv2%2Ftags&post=156373"}],"curies":[{"name":"wp","href":"https:\/\/api.w.org\/{rel}","templated":true}]}}