{"id":156372,"date":"2016-10-24T11:03:40","date_gmt":"2016-10-24T09:03:40","guid":{"rendered":"http:\/\/www.fuldaer-nachrichten.de\/?p=156372"},"modified":"2016-10-24T11:03:40","modified_gmt":"2016-10-24T09:03:40","slug":"pflegefamilien-aus-dem-vogelsbergkreis-treffen-sich-erstmalig-zum-pflegefamilien-kaffee","status":"publish","type":"post","link":"https:\/\/www.fuldaernachrichten.de\/?p=156372","title":{"rendered":"Pflegefamilien aus dem Vogelsbergkreis treffen sich erstmalig zum \u201ePflegefamilien-Kaffee\u201c"},"content":{"rendered":"<p>Am 05.11.2016, von 14:00-17:00 Uhr, veranstaltet der Pflegekinderdienst des Vogelsbergkreises im Caf\u00e9 des Vogelparks in Schotten einen Nachmittag bei Kaffee und Kuchen f\u00fcr Pflegeeltern und deren (Pflege-)Kinder. Das Kennenlernen untereinander steht an diesem Tag im Vordergrund.<br \/>\nDie Kinder erwartet an diesem Nachmittag eine eigene Betreuung, die sich um Spiel und Spa\u00df f\u00fcr Gro\u00df und Klein k\u00fcmmert.<\/p>\n<p>Seit Sommer 2015 besteht zwischen dem Vogelsbergkreis und dem regionalen Jugendhilfetr\u00e4ger \u201eHaus am Kirschberg\u201c eine Kooperation im Pflegekinderdienst. Die Fachkr\u00e4fte der Kooperationspartner\u00c2\u00a0 stehen an diesem Nachmittag als Ansprechpartner gerne\u00c2\u00a0 zur Verf\u00fcgung.<br \/>\nAnmeldungen sind unter 06641-1242 oder via Mail an pflegekinderdienst@vogelsbergkreis.de bis zum 28.10.2016 noch m\u00f6glich.<\/p>\n<p>Der Pflegekinderdienst im Vogelsbergkreis sucht fortlaufend\u00c2\u00a0 geeignete Einzelpersonen, Paare oder Familien die in der Lage sind, einem fremden Kind auf Zeit oder auf Dauer ein\u00c2\u00a0 Zuhause bieten zu k\u00f6nnen. Interessierte Personen f\u00fcr das Thema \u201ePflegefamilie werden\u201c k\u00f6nnen ebenfalls \u00fcber die obigen Kontaktdaten erste Informationen\u00c2\u00a0 erlangen.<\/p>\n","protected":false},"excerpt":{"rendered":"<div class=\"tmnf_excerpt\"><p>Am 05.11.2016, von 14:00-17:00 Uhr, veranstaltet der Pflegekinderdienst des Vogelsbergkreises im Caf\u00e9 des Vogelparks in Schotten einen Nachmittag bei Kaffee und Kuchen f\u00fcr Pflegeeltern und deren (Pflege-)Kinder. Das Kennenlernen untereinander steht an diesem Tag im Vordergrund. Die Kinder erwartet an diesem Nachmittag eine eigene Betreuung, die sich um Spiel und Spa\u00df f\u00fcr Gro\u00df und Klein &hellip;<\/p>\n<\/div>","protected":false},"author":1,"featured_media":0,"comment_status":"closed","ping_status":"closed","sticky":false,"template":"","format":"standard","meta":{"footnotes":""},"categories":[1],"tags":[],"class_list":["post-156372","post","type-post","status-publish","format-standard","hentry","category-startseite"],"_links":{"self":[{"href":"https:\/\/www.fuldaernachrichten.de\/index.php?rest_route=\/wp\/v2\/posts\/156372","targetHints":{"allow":["GET"]}}],"collection":[{"href":"https:\/\/www.fuldaernachrichten.de\/index.php?rest_route=\/wp\/v2\/posts"}],"about":[{"href":"https:\/\/www.fuldaernachrichten.de\/index.php?rest_route=\/wp\/v2\/types\/post"}],"author":[{"embeddable":true,"href":"https:\/\/www.fuldaernachrichten.de\/index.php?rest_route=\/wp\/v2\/users\/1"}],"replies":[{"embeddable":true,"href":"https:\/\/www.fuldaernachrichten.de\/index.php?rest_route=%2Fwp%2Fv2%2Fcomments&post=156372"}],"version-history":[{"count":1,"href":"https:\/\/www.fuldaernachrichten.de\/index.php?rest_route=\/wp\/v2\/posts\/156372\/revisions"}],"predecessor-version":[{"id":156377,"href":"https:\/\/www.fuldaernachrichten.de\/index.php?rest_route=\/wp\/v2\/posts\/156372\/revisions\/156377"}],"wp:attachment":[{"href":"https:\/\/www.fuldaernachrichten.de\/index.php?rest_route=%2Fwp%2Fv2%2Fmedia&parent=156372"}],"wp:term":[{"taxonomy":"category","embeddable":true,"href":"https:\/\/www.fuldaernachrichten.de\/index.php?rest_route=%2Fwp%2Fv2%2Fcategories&post=156372"},{"taxonomy":"post_tag","embeddable":true,"href":"https:\/\/www.fuldaernachrichten.de\/index.php?rest_route=%2Fwp%2Fv2%2Ftags&post=156372"}],"curies":[{"name":"wp","href":"https:\/\/api.w.org\/{rel}","templated":true}]}}