{"id":156363,"date":"2016-10-20T21:35:12","date_gmt":"2016-10-20T19:35:12","guid":{"rendered":"http:\/\/www.fuldaer-nachrichten.de\/?p=156363"},"modified":"2016-10-20T21:35:12","modified_gmt":"2016-10-20T19:35:12","slug":"feuerwehr-kreisausbilder-trafen-sich-zur-fortbildung-%e2%80%a8","status":"publish","type":"post","link":"https:\/\/www.fuldaernachrichten.de\/?p=156363","title":{"rendered":"Feuerwehr-Kreisausbilder trafen sich zur Fortbildung \u00e2\u20ac\u00a8"},"content":{"rendered":"<p>Die Feuerwehrausbilder von Stadt und Landkreis Fulda haben sich zu einer Fortbildung im Priesterseminar Fulda getroffen. Neben Vorplanungen f\u00fcr das n\u00e4chste Jahr wurde auch die Kooperation des Landkreises Fulda mit der Stadt Fulda und dem Kreisfeuerwehrverband vorgestellt. Weiterhin referierte Edgar Lenz, ehemaliger Ausbilder der Hessischen Landesfeuerwehrschule Kassel, \u00fcber die M\u00f6glichkeiten der Gestaltung von Lehrveranstaltungen.<\/p>\n<p>Zu Beginn begr\u00fc\u00dften Kreisbrandinspektor Adrian Vogler, der Leiter der Feuerwehr Fulda Thomas Helmer sowie der Vorsitzende des Kreisfeuerwehrverbands Lothar Mihm die Teilnehmer und stellten die neue Kooperation vor. Der Landkreis Fulda, die Feuerwehr der Stadt Fulda und der Kreisfeuerwehrverband Fulda werden ab dem kommenden Jahr im Rahmen einer Kooperation enger zusammenarbeiten und einen gemeinsamen Ausbilderpool bilden.<br \/>\nDie Grund-, Truppf\u00fchrer- und Maschinisten-Lehrg\u00e4nge sowie die Lehrg\u00e4nge Technische Hilfeleistung bei Bahnunf\u00e4llen und Sprechfunklehrg\u00e4nge werden unter Federf\u00fchrung des Landkreises durchgef\u00fchrt. Die Atemschutzausbildung und die Ausbildung zur Technischen Hilfeleistung bei Verkehrsunf\u00e4llen \u00fcbernimmt die Feuerwehr der Stadt Fulda. Der Kreisfeuerwehrverband leistet Unterst\u00fctzung bei der Organisation und Verpflegung der Teilnehmer. Die Ausbildung der F\u00fchrungskr\u00e4fte sowie die Abnahme des Ausbildungsabschnitts Truppmann Teil 2 f\u00fchren Stadt und Landkreis Fulda in enger Abstimmung durch.<br \/>\nEdgar Lenz referierte \u00fcber Ver\u00e4nderungen in der Gesellschaft, die zu einer angemessenen Anpassung der Ausbildung bei der Feuerwehr f\u00fchren m\u00fcssten. Die Feuerwehr, so der Referent, sei f\u00fcr die Feuerwehrangeh\u00f6rigen eine Berufung und eine wichtige S\u00e4ule des gesellschaftlichen Zusammenlebens. Vor diesem Hintergrund sollten Lernziele definiert, die Handlungskompetenzen der Ausbilder stetig aktualisiert und die Methoden f\u00fcr eine qualitative Ausbildung immer wieder \u00fcberdacht werden.<\/p>\n","protected":false},"excerpt":{"rendered":"<div class=\"tmnf_excerpt\"><p>Die Feuerwehrausbilder von Stadt und Landkreis Fulda haben sich zu einer Fortbildung im Priesterseminar Fulda getroffen. Neben Vorplanungen f\u00fcr das n\u00e4chste Jahr wurde auch die Kooperation des Landkreises Fulda mit der Stadt Fulda und dem Kreisfeuerwehrverband vorgestellt. Weiterhin referierte Edgar Lenz, ehemaliger Ausbilder der Hessischen Landesfeuerwehrschule Kassel, \u00fcber die M\u00f6glichkeiten der Gestaltung von Lehrveranstaltungen. Zu &hellip;<\/p>\n<\/div>","protected":false},"author":1,"featured_media":156367,"comment_status":"closed","ping_status":"closed","sticky":false,"template":"","format":"standard","meta":{"footnotes":""},"categories":[1],"tags":[],"class_list":["post-156363","post","type-post","status-publish","format-standard","has-post-thumbnail","hentry","category-startseite"],"_links":{"self":[{"href":"https:\/\/www.fuldaernachrichten.de\/index.php?rest_route=\/wp\/v2\/posts\/156363","targetHints":{"allow":["GET"]}}],"collection":[{"href":"https:\/\/www.fuldaernachrichten.de\/index.php?rest_route=\/wp\/v2\/posts"}],"about":[{"href":"https:\/\/www.fuldaernachrichten.de\/index.php?rest_route=\/wp\/v2\/types\/post"}],"author":[{"embeddable":true,"href":"https:\/\/www.fuldaernachrichten.de\/index.php?rest_route=\/wp\/v2\/users\/1"}],"replies":[{"embeddable":true,"href":"https:\/\/www.fuldaernachrichten.de\/index.php?rest_route=%2Fwp%2Fv2%2Fcomments&post=156363"}],"version-history":[{"count":1,"href":"https:\/\/www.fuldaernachrichten.de\/index.php?rest_route=\/wp\/v2\/posts\/156363\/revisions"}],"predecessor-version":[{"id":156368,"href":"https:\/\/www.fuldaernachrichten.de\/index.php?rest_route=\/wp\/v2\/posts\/156363\/revisions\/156368"}],"wp:featuredmedia":[{"embeddable":true,"href":"https:\/\/www.fuldaernachrichten.de\/index.php?rest_route=\/wp\/v2\/media\/156367"}],"wp:attachment":[{"href":"https:\/\/www.fuldaernachrichten.de\/index.php?rest_route=%2Fwp%2Fv2%2Fmedia&parent=156363"}],"wp:term":[{"taxonomy":"category","embeddable":true,"href":"https:\/\/www.fuldaernachrichten.de\/index.php?rest_route=%2Fwp%2Fv2%2Fcategories&post=156363"},{"taxonomy":"post_tag","embeddable":true,"href":"https:\/\/www.fuldaernachrichten.de\/index.php?rest_route=%2Fwp%2Fv2%2Ftags&post=156363"}],"curies":[{"name":"wp","href":"https:\/\/api.w.org\/{rel}","templated":true}]}}