{"id":156359,"date":"2016-10-20T21:34:02","date_gmt":"2016-10-20T19:34:02","guid":{"rendered":"http:\/\/www.fuldaer-nachrichten.de\/?p=156359"},"modified":"2016-10-20T21:34:02","modified_gmt":"2016-10-20T19:34:02","slug":"bewerbungsphase-fuer-das-commerzbank-umweltpraktikum-2017-gestartet","status":"publish","type":"post","link":"https:\/\/www.fuldaernachrichten.de\/?p=156359","title":{"rendered":"Bewerbungsphase f\u00fcr das Commerzbank-Umweltpraktikum 2017 gestartet"},"content":{"rendered":"<p>Ein weiter Blick in die Landschaft, die Luft der freien Natur atmen und sich f\u00fcr Natur und Kultur engagieren. Dieses Kontrastprogramm zum H\u00f6rsaal macht das Umweltpraktikum im Biosph\u00e4renreservat Rh\u00f6n so beliebt. In der Rh\u00f6n erhalten Praktikanten beim Verein Natur- und Lebensraum Rh\u00f6n Einblicke in die Regionalentwicklung und in Naturschutzprojekte.<\/p>\n<p>Die Commerzbank erm\u00f6glicht rund 50 Studierenden aller Fachrichtungen bereits zum 27. Mal ein abwechslungsreiches Praxissemester in den sch\u00f6nsten Naturlandschaften Deutschlands. An bundesweit 25 Standorten zwischen Nordsee und Alpen k\u00f6nnen die Teilnehmer ein mehrmonatiges Praxissemester absolvieren &#8211; auch das Biosph\u00e4renreservat Rh\u00f6n ist im kommenden Jahr wieder dabei. In den teilnehmenden Nationalparks, Naturparks und Biosph\u00e4renreservaten haben die Studierenden die M\u00f6glichkeit, ihre Leidenschaft f\u00fcr die Natur mit praktischen Erfahrungen zu verbinden.<\/p>\n<p>Im Rahmen des Praktikums lernen die Teilnehmer die Natur von einer ganz anderen Seite kennen. Sie erhalten spannende Einblicke in vielf\u00e4ltige Aufgabengebiete \u2013 insbesondere in den Natur- und Umweltschutz sowie in die Arbeitsabl\u00e4ufe der Schutzgebiete. Dar\u00fcber hinaus realisieren die Praktikanten eigene Projekte in den Bereichen Umweltbildung und \u00d6ffentlichkeitsarbeit.<br \/>\nDie Commerzbank unterst\u00fctzt das Praktikum mit einem Entgelt und sorgt f\u00fcr die Unterkunft. Das Schutzgebiet \u00fcbernimmt die fachliche Betreuung.<\/p>\n<p>Das Commerzbank-Umweltpraktikum hat sich zu einer wesentlichen Gr\u00f6\u00dfe im gesellschaftlichen Engagement der Bank entwickelt. Seit Beginn des Projekts vor 26 Jahren haben mehr als 1.400 Praktikanten in den teilnehmenden Nationalparks, Naturparks und Biosph\u00e4renreservaten einzigartige Orte f\u00fcr ihr Engagement gefunden. Die Absolventen tragen ihre Erfahrungen dann in Bereiche der Wirtschaft, Politik, Gesellschaft oder Umwelt. Vielen Teilnehmern wurde der sp\u00e4tere Einstieg ins Berufsleben durch die Erfahrungen im Umweltpraktikum geebnet.<\/p>\n<p>Die Bewerbung zum Commerzbank-Umweltpraktikum ist ab sofort ausschlie\u00dflich online unter www.umweltpraktikum.com m\u00f6glich.<\/p>\n<p>Die Bewerbungsfrist endet am 15. Januar 2017.<\/p>\n","protected":false},"excerpt":{"rendered":"<div class=\"tmnf_excerpt\"><p>Ein weiter Blick in die Landschaft, die Luft der freien Natur atmen und sich f\u00fcr Natur und Kultur engagieren. Dieses Kontrastprogramm zum H\u00f6rsaal macht das Umweltpraktikum im Biosph\u00e4renreservat Rh\u00f6n so beliebt. In der Rh\u00f6n erhalten Praktikanten beim Verein Natur- und Lebensraum Rh\u00f6n Einblicke in die Regionalentwicklung und in Naturschutzprojekte. Die Commerzbank erm\u00f6glicht rund 50 Studierenden &hellip;<\/p>\n<\/div>","protected":false},"author":1,"featured_media":0,"comment_status":"closed","ping_status":"closed","sticky":false,"template":"","format":"standard","meta":{"footnotes":""},"categories":[1],"tags":[],"class_list":["post-156359","post","type-post","status-publish","format-standard","hentry","category-startseite"],"_links":{"self":[{"href":"https:\/\/www.fuldaernachrichten.de\/index.php?rest_route=\/wp\/v2\/posts\/156359","targetHints":{"allow":["GET"]}}],"collection":[{"href":"https:\/\/www.fuldaernachrichten.de\/index.php?rest_route=\/wp\/v2\/posts"}],"about":[{"href":"https:\/\/www.fuldaernachrichten.de\/index.php?rest_route=\/wp\/v2\/types\/post"}],"author":[{"embeddable":true,"href":"https:\/\/www.fuldaernachrichten.de\/index.php?rest_route=\/wp\/v2\/users\/1"}],"replies":[{"embeddable":true,"href":"https:\/\/www.fuldaernachrichten.de\/index.php?rest_route=%2Fwp%2Fv2%2Fcomments&post=156359"}],"version-history":[{"count":1,"href":"https:\/\/www.fuldaernachrichten.de\/index.php?rest_route=\/wp\/v2\/posts\/156359\/revisions"}],"predecessor-version":[{"id":156362,"href":"https:\/\/www.fuldaernachrichten.de\/index.php?rest_route=\/wp\/v2\/posts\/156359\/revisions\/156362"}],"wp:attachment":[{"href":"https:\/\/www.fuldaernachrichten.de\/index.php?rest_route=%2Fwp%2Fv2%2Fmedia&parent=156359"}],"wp:term":[{"taxonomy":"category","embeddable":true,"href":"https:\/\/www.fuldaernachrichten.de\/index.php?rest_route=%2Fwp%2Fv2%2Fcategories&post=156359"},{"taxonomy":"post_tag","embeddable":true,"href":"https:\/\/www.fuldaernachrichten.de\/index.php?rest_route=%2Fwp%2Fv2%2Ftags&post=156359"}],"curies":[{"name":"wp","href":"https:\/\/api.w.org\/{rel}","templated":true}]}}