{"id":156354,"date":"2016-10-20T21:33:11","date_gmt":"2016-10-20T19:33:11","guid":{"rendered":"http:\/\/www.fuldaer-nachrichten.de\/?p=156354"},"modified":"2016-10-20T21:33:11","modified_gmt":"2016-10-20T19:33:11","slug":"gremien-des-abwasserverbandes-fulda-haben-sich-konstituiert-2","status":"publish","type":"post","link":"https:\/\/www.fuldaernachrichten.de\/?p=156354","title":{"rendered":"Gremien des Abwasserverbandes Fulda haben sich konstituiert"},"content":{"rendered":"<p>Die konstituierende Verbandsversammlung des Abwasserverbandes Fulda fand im st\u00e4dtischen F\u00fcrstensaal statt, nachdem von der Stadt Fulda und den Mitgliedsgemeinden K\u00fcnzell und Petersberg die in die Versammlung zu entsendenden Vertreter benannt wurden.<\/p>\n<p>Mit einem R\u00fcckblick f\u00fchrte Stadtbaurat Daniel Schreiner, der zugleich Verbandsvorsitzender des Abwasserverbandes Fulda ist, die Leistungen des seit 1968 bestehenden Verbandes auf und betonte die Zweckm\u00e4\u00dfigkeit, die kommunale Pflichtaufgabe der Abwasserentsorgung in einer Verbandsl\u00f6sung zu erledigen. Zuvor nahm er die Ehrungen zweier langj\u00e4hriger und mit Beginn der neuen Legislaturperiode ausgeschiedener Gremienmitglieder vor. Er sprach Dr. Horst Weidemann und Wolf-R\u00fcdiger Bellinger Dank und Wertsch\u00e4tzung f\u00fcr ihre langj\u00e4hrige engagierte und stets an der Sache orientierte Arbeit f\u00fcr den Verband aus.<\/p>\n<p>Unter dem Vorsitz des \u00e4ltesten Mitgliedes der Verbandsversammlung, Maximilian Felbinger, wurde Fuldas Stadtverordnetenvorsteherin Margarete Hartmann einstimmig, wie in den beiden zur\u00fcckliegenden Legislaturperioden, zur Vorsitzenden der Verbandsversammlung gew\u00e4hlt.<\/p>\n<p>Aufgrund der Einwohnerzuw\u00e4chse im Verbandsgebiet erhalten sowohl die Stadt Fulda als auch die Gemeinde Petersberg jeweils einen zus\u00e4tzlichen Sitz in der Verbandsversammlung, die nunmehr aus 41 Mitgliedern besteht. Neben der Stadt Fulda, die 27 Sitze in diesem Gremium besetzt, sind die Gemeinden K\u00fcnzell und Petersberg mit jeweils 7 Sitzen vertreten. Diese Erh\u00f6hung hat auch Auswirkungen auf die Fachaussch\u00fcsse, so dass die Mitglieder der Verbandsversammlung sich einstimmig daf\u00fcr ausgesprochen haben, die Anzahl der Mitglieder des Finanz- und des Bauausschusses von 15 auf jeweils 17 Sitze zu erh\u00f6hen. Im Verlauf der Verbandsversammlung konstituierten sich auch diese beiden Aussch\u00fcsse. Unter der Leitung der Vorsitzenden der Verbandsversammlung wurde in den jeweiligen Aussch\u00fcssen Steffen Werner als Vorsitzender des Finanzausschusses und Peter Jennemann als Vorsitzender des Bauausschusses einstimmig gew\u00e4hlt.<\/p>\n<p>Nach Beratung im Finanzausschuss wurde in der Verbandsversammlung noch eine \u00c4nderung der Verbandssatzung beschlossen sowie die auflagenfreie Genehmigung des Verbandshaushaltes 2016 durch das Regierungspr\u00e4sidium in Kassel bekannt gegeben.<\/p>\n","protected":false},"excerpt":{"rendered":"<div class=\"tmnf_excerpt\"><p>Die konstituierende Verbandsversammlung des Abwasserverbandes Fulda fand im st\u00e4dtischen F\u00fcrstensaal statt, nachdem von der Stadt Fulda und den Mitgliedsgemeinden K\u00fcnzell und Petersberg die in die Versammlung zu entsendenden Vertreter benannt wurden. Mit einem R\u00fcckblick f\u00fchrte Stadtbaurat Daniel Schreiner, der zugleich Verbandsvorsitzender des Abwasserverbandes Fulda ist, die Leistungen des seit 1968 bestehenden Verbandes auf und betonte &hellip;<\/p>\n<\/div>","protected":false},"author":1,"featured_media":0,"comment_status":"closed","ping_status":"closed","sticky":false,"template":"","format":"standard","meta":{"footnotes":""},"categories":[1],"tags":[],"class_list":["post-156354","post","type-post","status-publish","format-standard","hentry","category-startseite"],"_links":{"self":[{"href":"https:\/\/www.fuldaernachrichten.de\/index.php?rest_route=\/wp\/v2\/posts\/156354","targetHints":{"allow":["GET"]}}],"collection":[{"href":"https:\/\/www.fuldaernachrichten.de\/index.php?rest_route=\/wp\/v2\/posts"}],"about":[{"href":"https:\/\/www.fuldaernachrichten.de\/index.php?rest_route=\/wp\/v2\/types\/post"}],"author":[{"embeddable":true,"href":"https:\/\/www.fuldaernachrichten.de\/index.php?rest_route=\/wp\/v2\/users\/1"}],"replies":[{"embeddable":true,"href":"https:\/\/www.fuldaernachrichten.de\/index.php?rest_route=%2Fwp%2Fv2%2Fcomments&post=156354"}],"version-history":[{"count":1,"href":"https:\/\/www.fuldaernachrichten.de\/index.php?rest_route=\/wp\/v2\/posts\/156354\/revisions"}],"predecessor-version":[{"id":156360,"href":"https:\/\/www.fuldaernachrichten.de\/index.php?rest_route=\/wp\/v2\/posts\/156354\/revisions\/156360"}],"wp:attachment":[{"href":"https:\/\/www.fuldaernachrichten.de\/index.php?rest_route=%2Fwp%2Fv2%2Fmedia&parent=156354"}],"wp:term":[{"taxonomy":"category","embeddable":true,"href":"https:\/\/www.fuldaernachrichten.de\/index.php?rest_route=%2Fwp%2Fv2%2Fcategories&post=156354"},{"taxonomy":"post_tag","embeddable":true,"href":"https:\/\/www.fuldaernachrichten.de\/index.php?rest_route=%2Fwp%2Fv2%2Ftags&post=156354"}],"curies":[{"name":"wp","href":"https:\/\/api.w.org\/{rel}","templated":true}]}}