{"id":156337,"date":"2016-10-20T21:29:55","date_gmt":"2016-10-20T19:29:55","guid":{"rendered":"http:\/\/www.fuldaer-nachrichten.de\/?p=156337"},"modified":"2016-10-20T21:29:55","modified_gmt":"2016-10-20T19:29:55","slug":"startschuss-fuer-integrationsinitiative-wohnen-lernen-arbeiten%e2%80%a8-projektpartner-erhalten-bewilligungsbescheid-in-hoehe-von-einer-million-euro","status":"publish","type":"post","link":"https:\/\/www.fuldaernachrichten.de\/?p=156337","title":{"rendered":"Startschuss f\u00fcr Integrationsinitiative \u201eWohnen-Lernen-Arbeiten\u201c\u00e2\u20ac\u00a8 &#8211; Projektpartner erhalten Bewilligungsbescheid in H\u00f6he von einer Million Euro"},"content":{"rendered":"<p>Was seit knapp einem Jahr durch intensive Gespr\u00e4che der Kooperationspartner vorbereitet wurde, ist\u00c2\u00a0heute durch einen offiziellen Bewilligungsbescheid\u00c2\u00a0best\u00e4tigt worden: F\u00fcr die Initiative \u201eWohnen-Lernen-Arbeiten\u201c als Baustein der bestehenden Initiative \u201eWelcome Work\u201c erhalten die Projektpartner unter Federf\u00fchrung des Projekttr\u00e4gers antonius \u2013 Netzwerk Mensch eine Million Euro aus Mitteln des Europ\u00e4ischen Sozialfonds.<\/p>\n<p>Ein beachtlicher Betrag, der insbesondere zur Integration von Fl\u00fcchtlingen und benachteiligten Personen, wie beispielsweise Langzeitarbeitslosen, eingesetzt werden soll. Dabei arbeiten die Projektpartner antonius \u2013 Netzwerk Mensch, die gemeinn\u00fctzige Perspektiva GmbH und das R\u00dcBSAM Weiterbildungszentrum (WBZ) eng zusammen. \u00dcberreicht wurde der F\u00f6rderbescheid von Staatssekret\u00e4r Dr. Wolfgang Dippel: \u201eIch bin heute gerne nach Fulda gekommen, denn dieses Projekt ist einzigartig. Wir m\u00f6chten den\u00c2\u00a0Fl\u00fcchtlingen nicht nur eine Perspektive er\u00f6ffnen, sondern die Region soll f\u00fcr sie eine\u00c2\u00a0neue Heimat werden.\u201c Und Landrat Bernd Woide erg\u00e4nzt: \u201eIn diesem Bereich Hilfestellungen zu leisten, ist ohne Frage nicht einfach, aber es ist dennoch wichtig, dass wir diesen Weg gehen. Und eines ist gewiss: Diese Initiative ist ebenfalls wichtig f\u00fcr die wirtschaftliche Entwicklung in unserer Region.\u201c<\/p>\n<p>Von einer ganzheitlichen Betreuung durch die drei Partner sprach in seinen Ausf\u00fchrungen Waldemar Dombrowski als vorsitzender Gesch\u00e4ftsf\u00fchrer der Agentur f\u00fcr Arbeit Bad Hersfeld-Fulda. Er zeigte sich \u00fcberzeugt, dass diese Herausforderung bestens durch Coaching und Begleitung gemeistert werden k\u00f6nne. Zustimmung von Rainer Sippel, Gesch\u00e4ftsf\u00fchrer des antonius \u2013 Netzwerk Mensch: \u201eAufgrund unserer Erfahrungen wissen wir, dass Integration am besten \u00fcber Arbeit funktioniert. Wir gehen jetzt einen schnellen, effizienten Weg, um Menschen in den Beruf zu bringen \u2013 und wir sind dankbar, dass dieses Projekt umgesetzt werden kann.\u201c<\/p>\n<p>W\u00e4hrend der kommenden beiden Jahre werden 240 Fl\u00fcchtlinge mit einer Bleibeperspektive im Landkreis die Chance erhalten, an der Initiative \u201eWohnen-Lernen-Arbeiten\u201c teilzunehmen. Das Konzept verfolgt dabei einen ganzheitlichen Ansatz: Die Teams von antonius, Perspektiva und dem R\u00dcBSAM WBZ filtern gemeinsam heraus, wo die F\u00e4higkeiten und Neigungen der Teilnehmer liegen \u2013 und f\u00f6rdern diese dann entsprechend. Die Einf\u00fchrungsphase \u201eWohnen\u201c \u00fcbernimmt das antonius \u2013 Netzwerk Mensch. Projektkoordinatorin Karina G\u00f6llmann wei\u00df, dass zu Beginn auch bei allt\u00e4glichen Erledigungen Hilfestellungen notwendig sind: \u201eUnser Team betreut die Gemeinschaftsunterk\u00fcnfte der Fl\u00fcchtlinge: Wir helfen, ein neues Zuhause zu finden, sind Ansprechpartner bei Beh\u00f6rdeng\u00e4ngen oder Arztbesuchen.\u201c Wenn die ersten Schritte getan sind, werden die Teilnehmer im Bereich \u201eLernen\u201c weiter von den Teams des WBZ und der antonius-Startbahn betreut. Susanne Hartmann, Projektleiterin von \u201eWohnen-Lernen-Arbeiten\u201c erkl\u00e4rt: \u201eIm R\u00dcBSAM Weiterbildungszentrum k\u00f6nnen wir den gewerblich-technischen Bereich abbilden. In der Startbahn erhalten die Teilnehmer Einblick in Lebensmittel-, Service- oder die landwirtschaftliche Branche \u2013 so erhalten wir Informationen zu den F\u00e4higkeiten der Teilnehmer und bereiten sie individuell auf den Arbeitsmarkt vor.\u201c F\u00fcr das Thema \u201eArbeit\u201c ist Perspektiva mit Carolin Wunderlich als Koordinatorin zust\u00e4ndig: \u201eMit einer erfolgreichen Qualifikation der Fl\u00fcchtlinge wird eine Basis geschaffen, um diese Menschen weiter in Betriebe zu bringen. Unser Ziel ist ein fester Arbeitsvertrag, eine Ausbildung oder auch eine Einstiegsqualifizierung. Wir k\u00f6nnen bereits\u00c2\u00a0in unserer bisherigen Arbeit feststellen, dass wir mit den Fl\u00fcchtlingen hochmotivierte Menschen betreuen, die unbedingt arbeiten wollen \u2013 und wir sind \u00fcberzeugt, mit dieser Initiative werden Erfolgsgeschichten geschrieben.&#8221;<\/p>\n<p>Die Verantwortlichen und beteiligten Beh\u00f6rden des Verbundprojekts sind: das Kommunale Kreisjobcenter, die Agentur f\u00fcr Arbeit, das Hessische Ministerium f\u00fcr Soziales und Integration sowie die Wirtschafts- und Infrastrukturbank Hessen.<br \/>\nDas Projekt Welcome Work wird dar\u00fcber hinaus von der Skala-Initiative gef\u00f6rdert.<\/p>\n<p>BU: Startschuss f\u00fcr ein einzigartiges Projekt gesetzt: Staatssekret\u00e4r Dr. Wolfgang Dippel mit den Teams von \u201eWohnen-Lernen-Arbeiten\u201c.<\/p>\n","protected":false},"excerpt":{"rendered":"<div class=\"tmnf_excerpt\"><p>Was seit knapp einem Jahr durch intensive Gespr\u00e4che der Kooperationspartner vorbereitet wurde, ist\u00c2\u00a0heute durch einen offiziellen Bewilligungsbescheid\u00c2\u00a0best\u00e4tigt worden: F\u00fcr die Initiative \u201eWohnen-Lernen-Arbeiten\u201c als Baustein der bestehenden Initiative \u201eWelcome Work\u201c erhalten die Projektpartner unter Federf\u00fchrung des Projekttr\u00e4gers antonius \u2013 Netzwerk Mensch eine Million Euro aus Mitteln des Europ\u00e4ischen Sozialfonds. Ein beachtlicher Betrag, der insbesondere zur Integration &hellip;<\/p>\n<\/div>","protected":false},"author":1,"featured_media":156342,"comment_status":"closed","ping_status":"closed","sticky":false,"template":"","format":"standard","meta":{"footnotes":""},"categories":[1],"tags":[],"class_list":["post-156337","post","type-post","status-publish","format-standard","has-post-thumbnail","hentry","category-startseite"],"_links":{"self":[{"href":"https:\/\/www.fuldaernachrichten.de\/index.php?rest_route=\/wp\/v2\/posts\/156337","targetHints":{"allow":["GET"]}}],"collection":[{"href":"https:\/\/www.fuldaernachrichten.de\/index.php?rest_route=\/wp\/v2\/posts"}],"about":[{"href":"https:\/\/www.fuldaernachrichten.de\/index.php?rest_route=\/wp\/v2\/types\/post"}],"author":[{"embeddable":true,"href":"https:\/\/www.fuldaernachrichten.de\/index.php?rest_route=\/wp\/v2\/users\/1"}],"replies":[{"embeddable":true,"href":"https:\/\/www.fuldaernachrichten.de\/index.php?rest_route=%2Fwp%2Fv2%2Fcomments&post=156337"}],"version-history":[{"count":1,"href":"https:\/\/www.fuldaernachrichten.de\/index.php?rest_route=\/wp\/v2\/posts\/156337\/revisions"}],"predecessor-version":[{"id":156344,"href":"https:\/\/www.fuldaernachrichten.de\/index.php?rest_route=\/wp\/v2\/posts\/156337\/revisions\/156344"}],"wp:featuredmedia":[{"embeddable":true,"href":"https:\/\/www.fuldaernachrichten.de\/index.php?rest_route=\/wp\/v2\/media\/156342"}],"wp:attachment":[{"href":"https:\/\/www.fuldaernachrichten.de\/index.php?rest_route=%2Fwp%2Fv2%2Fmedia&parent=156337"}],"wp:term":[{"taxonomy":"category","embeddable":true,"href":"https:\/\/www.fuldaernachrichten.de\/index.php?rest_route=%2Fwp%2Fv2%2Fcategories&post=156337"},{"taxonomy":"post_tag","embeddable":true,"href":"https:\/\/www.fuldaernachrichten.de\/index.php?rest_route=%2Fwp%2Fv2%2Ftags&post=156337"}],"curies":[{"name":"wp","href":"https:\/\/api.w.org\/{rel}","templated":true}]}}