{"id":156321,"date":"2016-10-20T21:26:08","date_gmt":"2016-10-20T19:26:08","guid":{"rendered":"http:\/\/www.fuldaer-nachrichten.de\/?p=156321"},"modified":"2016-10-20T21:26:08","modified_gmt":"2016-10-20T19:26:08","slug":"kanu-32-lolls-fahrt-von-rimbach-nach-bad-hersfeld-ueber-70-paddler-auf-der-strecke","status":"publish","type":"post","link":"https:\/\/www.fuldaernachrichten.de\/?p=156321","title":{"rendered":"Kanu: 32. Lolls-Fahrt von Rimbach nach Bad Hersfeld &#8211; \u00dcber 70 Paddler auf der Strecke"},"content":{"rendered":"<p>Das Lolls-Fest in Bad Hersfeld hat eine lange Tradition; immerhin gilt es als das \u00e4lteste Volksfest der Welt und wird seit dem Jahre 852 gefeiert. Ganz so alt ist die Geschichte der Paddler auf der Fulda noch nicht, au\u00dfer man w\u00fcrde die m\u00f6glichen Kahn-Fahrten von Bonifatius auf der Fulda um das Jahr 730 heran ziehen. Aber bereits zum 32. Male haben die Hersfelder Kanu Wanderer in diesem Jahr die Lolls-Kanu-Fahrt von Rimbach nach Bad Hersfeld ausgeschrieben.<\/p>\n<p>http:\/\/kanuwanderer-hersfeld.de\/files\/Ausschreibung-Lolls.pdf<\/p>\n<p>\u201eSatte\u201c 26 km hatten \u00fcber 70 Kanutinnen und Kanuten nach ihrem Start in Rimbach vor sich. Nachdem sich der Nebel im Fulda-Tal verzogen hatte, wurden die Teilnehmer von den w\u00e4rmenden Strahlen der Herbstsonne verw\u00f6hnt. Schnell waren die Paddeljacken ausgezogen und verstaut und alle genossen die farbenfrohe Landschaft entlang der Fulda. Nur der niedrige Wasserstand \u2013 \u201eso etwas haben wir noch nie auf der Lolls-Fahrt erlebt\u201c, war der Tenor der \u00e4lteren Paddler \u2013 machte vielen Zweiern-Besatzungen zu schaffen.<\/p>\n<p>Das gr\u00f6\u00dfte Team war mit fast 20 Paddlern aus Offenbach-B\u00fcrgel angereist. Die Mannschaft hatte am Vortag schon die 7. M\u00fcckenst\u00fcrmerfahrt von Bad Hersfeld nach Rotenburg mitgemacht und war auch auf der Lolls-Langstrecke gut gelaunt und bestens \u201everpflegt\u201c dabei. Dem stand auch der sehr niedrige Wasserstand der Fulda nicht im Wege. Wo Boote \u201egestrandet\u201c waren, gab es schnell Helfer, die kurzerhand ins Wasser stiegen und die \u201ePaddler in Seenot\u201c wieder flott gemacht haben. Auch das Zweierteam aus Fulda, mit Abdul und Khalil (Fl\u00fcchtlinge aus Syrien) am Steuer, freute sich \u00fcber die Hilfsbereitschaft und die neuen Bekanntschaften.<\/p>\n<p>Nach dem Paddeln ging es rund am Bootshaus der Kanu-Wanderer. Das Verpflegungsteam hatte allerlei K\u00f6stlichkeiten aufgefahren und an der Kuchentheke gab es nicht selten lange Schlangen. Vorsitzender G\u00fcnther Knoth freute sich \u00fcber den Besuch des \u201eFeuermeisters\u201c und bedankte sich bei den zahlreichen G\u00e4sten f\u00fcr ihre Teilnahme. Bei seinen Kanu-Gespr\u00e4chen war die Vorfreude auf die 33. Lolls-Kanu-Fahrt im kommenden Jahr unverkennbar.<\/p>\n","protected":false},"excerpt":{"rendered":"<div class=\"tmnf_excerpt\"><p>Das Lolls-Fest in Bad Hersfeld hat eine lange Tradition; immerhin gilt es als das \u00e4lteste Volksfest der Welt und wird seit dem Jahre 852 gefeiert. Ganz so alt ist die Geschichte der Paddler auf der Fulda noch nicht, au\u00dfer man w\u00fcrde die m\u00f6glichen Kahn-Fahrten von Bonifatius auf der Fulda um das Jahr 730 heran ziehen. &hellip;<\/p>\n<\/div>","protected":false},"author":1,"featured_media":156327,"comment_status":"closed","ping_status":"closed","sticky":false,"template":"","format":"standard","meta":{"footnotes":""},"categories":[1],"tags":[],"class_list":["post-156321","post","type-post","status-publish","format-standard","has-post-thumbnail","hentry","category-startseite"],"_links":{"self":[{"href":"https:\/\/www.fuldaernachrichten.de\/index.php?rest_route=\/wp\/v2\/posts\/156321","targetHints":{"allow":["GET"]}}],"collection":[{"href":"https:\/\/www.fuldaernachrichten.de\/index.php?rest_route=\/wp\/v2\/posts"}],"about":[{"href":"https:\/\/www.fuldaernachrichten.de\/index.php?rest_route=\/wp\/v2\/types\/post"}],"author":[{"embeddable":true,"href":"https:\/\/www.fuldaernachrichten.de\/index.php?rest_route=\/wp\/v2\/users\/1"}],"replies":[{"embeddable":true,"href":"https:\/\/www.fuldaernachrichten.de\/index.php?rest_route=%2Fwp%2Fv2%2Fcomments&post=156321"}],"version-history":[{"count":1,"href":"https:\/\/www.fuldaernachrichten.de\/index.php?rest_route=\/wp\/v2\/posts\/156321\/revisions"}],"predecessor-version":[{"id":156328,"href":"https:\/\/www.fuldaernachrichten.de\/index.php?rest_route=\/wp\/v2\/posts\/156321\/revisions\/156328"}],"wp:featuredmedia":[{"embeddable":true,"href":"https:\/\/www.fuldaernachrichten.de\/index.php?rest_route=\/wp\/v2\/media\/156327"}],"wp:attachment":[{"href":"https:\/\/www.fuldaernachrichten.de\/index.php?rest_route=%2Fwp%2Fv2%2Fmedia&parent=156321"}],"wp:term":[{"taxonomy":"category","embeddable":true,"href":"https:\/\/www.fuldaernachrichten.de\/index.php?rest_route=%2Fwp%2Fv2%2Fcategories&post=156321"},{"taxonomy":"post_tag","embeddable":true,"href":"https:\/\/www.fuldaernachrichten.de\/index.php?rest_route=%2Fwp%2Fv2%2Ftags&post=156321"}],"curies":[{"name":"wp","href":"https:\/\/api.w.org\/{rel}","templated":true}]}}