{"id":156316,"date":"2016-10-20T21:22:52","date_gmt":"2016-10-20T19:22:52","guid":{"rendered":"http:\/\/www.fuldaer-nachrichten.de\/?p=156316"},"modified":"2016-10-20T21:22:52","modified_gmt":"2016-10-20T19:22:52","slug":"ueber-1-million-euro-foerdermittel-fuer-das-projekt-wohnen-leben-arbeiten-des-antoniusheims-fulda","status":"publish","type":"post","link":"https:\/\/www.fuldaernachrichten.de\/?p=156316","title":{"rendered":"\u00dcber 1 Million Euro F\u00f6rdermittel f\u00fcr das Projekt \u201eWohnen-Leben-Arbeiten\u201c des Antoniusheims Fulda"},"content":{"rendered":"<p>Staatssekret\u00e4r Dr. Wolfgang Dippel \u00fcberreichte heute in Fulda dem Landrat des Landkreises Fulda, Bernd Woide, einen F\u00f6rderbescheid \u00fcber 1.028.800 Euro aus Mitteln des Europ\u00e4ischen Sozialfonds f\u00fcr die F\u00f6rderung des Projekts Wohnen-Leben-Arbeiten der St. Antonius gGmbH. \u201eZiel des Projekts, an dem s\u00e4mtliche regional relevante Akteure beteiligt sind, ist die erfolgreiche Integration der Zuwanderer im Landkreis\u201c, erkl\u00e4rte der Staatssekret\u00e4r. Das Besondere dabei sei, so Dippel weiter, dass alle Beteiligten ihre Angebote miteinander abstimmen und vernetzen werden. \u201eSo haben die Fl\u00fcchtlinge beispielsweise in ihren Wohngruppen Ansprechpartner, um das im Sprachkurs oder an der Arbeitsstelle Gelernte und Erfahrene zu vertiefen. Die drei Bereiche Wohnen, Lernen und Arbeiten verschmelzen miteinander.\u201c<\/p>\n<p>Als \u201evielversprechend\u201c bezeichnete Staatssekret\u00e4r Dr. Dippel die Tatsache, dass die Unternehmen in diesem Projekt eingebunden sind. \u201eSo kann schon w\u00e4hrend der Schulungen auf die Nachfragen der Unternehmen eingegangen und die Qualifizierungen entsprechend ausgerichtet werden.\u201c<\/p>\n<p>Insgesamt k\u00f6nnen an dem Projekt 240 Migrantinnen und Migranten, die eine Bleibeperspektive im Landkreis haben, teilnehmen.<\/p>\n","protected":false},"excerpt":{"rendered":"<div class=\"tmnf_excerpt\"><p>Staatssekret\u00e4r Dr. Wolfgang Dippel \u00fcberreichte heute in Fulda dem Landrat des Landkreises Fulda, Bernd Woide, einen F\u00f6rderbescheid \u00fcber 1.028.800 Euro aus Mitteln des Europ\u00e4ischen Sozialfonds f\u00fcr die F\u00f6rderung des Projekts Wohnen-Leben-Arbeiten der St. Antonius gGmbH. \u201eZiel des Projekts, an dem s\u00e4mtliche regional relevante Akteure beteiligt sind, ist die erfolgreiche Integration der Zuwanderer im Landkreis\u201c, erkl\u00e4rte &hellip;<\/p>\n<\/div>","protected":false},"author":1,"featured_media":0,"comment_status":"closed","ping_status":"closed","sticky":false,"template":"","format":"standard","meta":{"footnotes":""},"categories":[1],"tags":[],"class_list":["post-156316","post","type-post","status-publish","format-standard","hentry","category-startseite"],"_links":{"self":[{"href":"https:\/\/www.fuldaernachrichten.de\/index.php?rest_route=\/wp\/v2\/posts\/156316","targetHints":{"allow":["GET"]}}],"collection":[{"href":"https:\/\/www.fuldaernachrichten.de\/index.php?rest_route=\/wp\/v2\/posts"}],"about":[{"href":"https:\/\/www.fuldaernachrichten.de\/index.php?rest_route=\/wp\/v2\/types\/post"}],"author":[{"embeddable":true,"href":"https:\/\/www.fuldaernachrichten.de\/index.php?rest_route=\/wp\/v2\/users\/1"}],"replies":[{"embeddable":true,"href":"https:\/\/www.fuldaernachrichten.de\/index.php?rest_route=%2Fwp%2Fv2%2Fcomments&post=156316"}],"version-history":[{"count":1,"href":"https:\/\/www.fuldaernachrichten.de\/index.php?rest_route=\/wp\/v2\/posts\/156316\/revisions"}],"predecessor-version":[{"id":156319,"href":"https:\/\/www.fuldaernachrichten.de\/index.php?rest_route=\/wp\/v2\/posts\/156316\/revisions\/156319"}],"wp:attachment":[{"href":"https:\/\/www.fuldaernachrichten.de\/index.php?rest_route=%2Fwp%2Fv2%2Fmedia&parent=156316"}],"wp:term":[{"taxonomy":"category","embeddable":true,"href":"https:\/\/www.fuldaernachrichten.de\/index.php?rest_route=%2Fwp%2Fv2%2Fcategories&post=156316"},{"taxonomy":"post_tag","embeddable":true,"href":"https:\/\/www.fuldaernachrichten.de\/index.php?rest_route=%2Fwp%2Fv2%2Ftags&post=156316"}],"curies":[{"name":"wp","href":"https:\/\/api.w.org\/{rel}","templated":true}]}}