{"id":156302,"date":"2016-10-20T21:16:28","date_gmt":"2016-10-20T19:16:28","guid":{"rendered":"http:\/\/www.fuldaer-nachrichten.de\/?p=156302"},"modified":"2016-10-20T21:16:28","modified_gmt":"2016-10-20T19:16:28","slug":"kino-fuer-senioren-19","status":"publish","type":"post","link":"https:\/\/www.fuldaernachrichten.de\/?p=156302","title":{"rendered":"Kino f\u00fcr Senioren"},"content":{"rendered":"<p>Am Mittwoch, den 26. Oktober, um 15:00 Uhr findet im CineStar in der L\u00f6herstra\u00dfe eine Kinovorf\u00fchrung f\u00fcr \u00e4ltere Menschen statt.<\/p>\n<p>Gezeigt wird der Film \u201eSaint Amour &#8211; Drei gute Jahrg\u00e4nge\u201c.<br \/>\nDer verwitwete Jean (G\u00e9rard Depardieu) und sein Sohn Bruno (Beno\u00c3\u00aet Poelvoorde) wechseln kaum noch ein Wort miteinander. Die allj\u00e4hrliche Landwirtschaftsmesse in Paris sorgt immerhin daf\u00fcr, dass sich die beiden \u00fcberhaupt mal wieder \u00fcber den Weg laufen \u2013 und ist der Beginn einer promillehaltigen Weinreise durch S\u00fcdfrankreich, auf der Jean seinen einsamen Sohn und auch sich selbst auf andere Gedanken bringen will. Denn darunter, allein zu sein, leiden beide. Und wie l\u00e4sst sich das Verh\u00e4ltnis zum Sohn trefflicher verbessern als auf einer Sauftour? Im Taxi des jungen Mike (Vincent Lacoste) machen sich Jean und Bruno\u00c2\u00a0 gemeinsam auf den Weg zum idyllischen Weinort Saint Amour. Doch k\u00f6nnen sie ihre Differenzen im Laufe des spontanen, bald chaotischen Ausflugs wirklich \u00fcberwinden?<\/p>\n<p>Karten zum Preis von 6,50 und 7,50 Euro erhalten Sie im Cinestar.<\/p>\n","protected":false},"excerpt":{"rendered":"<div class=\"tmnf_excerpt\"><p>Am Mittwoch, den 26. Oktober, um 15:00 Uhr findet im CineStar in der L\u00f6herstra\u00dfe eine Kinovorf\u00fchrung f\u00fcr \u00e4ltere Menschen statt. Gezeigt wird der Film \u201eSaint Amour &#8211; Drei gute Jahrg\u00e4nge\u201c. Der verwitwete Jean (G\u00e9rard Depardieu) und sein Sohn Bruno (Beno\u00c3\u00aet Poelvoorde) wechseln kaum noch ein Wort miteinander. Die allj\u00e4hrliche Landwirtschaftsmesse in Paris sorgt immerhin daf\u00fcr, &hellip;<\/p>\n<\/div>","protected":false},"author":1,"featured_media":0,"comment_status":"closed","ping_status":"closed","sticky":false,"template":"","format":"standard","meta":{"footnotes":""},"categories":[1],"tags":[],"class_list":["post-156302","post","type-post","status-publish","format-standard","hentry","category-startseite"],"_links":{"self":[{"href":"https:\/\/www.fuldaernachrichten.de\/index.php?rest_route=\/wp\/v2\/posts\/156302","targetHints":{"allow":["GET"]}}],"collection":[{"href":"https:\/\/www.fuldaernachrichten.de\/index.php?rest_route=\/wp\/v2\/posts"}],"about":[{"href":"https:\/\/www.fuldaernachrichten.de\/index.php?rest_route=\/wp\/v2\/types\/post"}],"author":[{"embeddable":true,"href":"https:\/\/www.fuldaernachrichten.de\/index.php?rest_route=\/wp\/v2\/users\/1"}],"replies":[{"embeddable":true,"href":"https:\/\/www.fuldaernachrichten.de\/index.php?rest_route=%2Fwp%2Fv2%2Fcomments&post=156302"}],"version-history":[{"count":1,"href":"https:\/\/www.fuldaernachrichten.de\/index.php?rest_route=\/wp\/v2\/posts\/156302\/revisions"}],"predecessor-version":[{"id":156303,"href":"https:\/\/www.fuldaernachrichten.de\/index.php?rest_route=\/wp\/v2\/posts\/156302\/revisions\/156303"}],"wp:attachment":[{"href":"https:\/\/www.fuldaernachrichten.de\/index.php?rest_route=%2Fwp%2Fv2%2Fmedia&parent=156302"}],"wp:term":[{"taxonomy":"category","embeddable":true,"href":"https:\/\/www.fuldaernachrichten.de\/index.php?rest_route=%2Fwp%2Fv2%2Fcategories&post=156302"},{"taxonomy":"post_tag","embeddable":true,"href":"https:\/\/www.fuldaernachrichten.de\/index.php?rest_route=%2Fwp%2Fv2%2Ftags&post=156302"}],"curies":[{"name":"wp","href":"https:\/\/api.w.org\/{rel}","templated":true}]}}