{"id":156300,"date":"2016-10-20T21:18:22","date_gmt":"2016-10-20T19:18:22","guid":{"rendered":"http:\/\/www.fuldaer-nachrichten.de\/?p=156300"},"modified":"2016-10-20T21:18:22","modified_gmt":"2016-10-20T19:18:22","slug":"vhs-reihe-recht-im-alltag","status":"publish","type":"post","link":"https:\/\/www.fuldaernachrichten.de\/?p=156300","title":{"rendered":"VHS-Reihe Recht im Alltag"},"content":{"rendered":"<p>Am Freitag, 28. Oktober, um 10:00 Uhr findet im Vortragssaal des Vonderau Museums (Eingang Innenhof) im Rahmen der Vortragsreihe \u201eRecht im Alltag\u201c der Volkshochschule der Stadt Fulda ein kostenloser Vortrag zum Thema \u201ePatientenverf\u00fcgung\u201c statt.<\/p>\n<p>Je besser die M\u00f6glichkeiten der modernen Medizin zur Verl\u00e4ngerung des Lebens werden, desto gr\u00f6\u00dfter wird bei vielen Menschen das Bed\u00fcrfnis, selbst darauf Einfluss nehmen zu k\u00f6nnen, welche lebensverl\u00e4ngernden Ma\u00dfnahmen, z. B. im Falle eines Komas, ergriffen und welche unterlassen werden sollen. Mit einer Patientenverf\u00fcgung k\u00f6nnen Sie bestimmen, was medizinisch unternommen werden soll, wenn Sie \u00e4u\u00dferungsunf\u00e4hig sind. Ingrid Michel, Gesch\u00e4ftsf\u00fchrerin des VdK Betreuungsvereins informiert Sie und steht f\u00fcr Fragen zur Verf\u00fcgung.<\/p>\n","protected":false},"excerpt":{"rendered":"<div class=\"tmnf_excerpt\"><p>Am Freitag, 28. Oktober, um 10:00 Uhr findet im Vortragssaal des Vonderau Museums (Eingang Innenhof) im Rahmen der Vortragsreihe \u201eRecht im Alltag\u201c der Volkshochschule der Stadt Fulda ein kostenloser Vortrag zum Thema \u201ePatientenverf\u00fcgung\u201c statt. Je besser die M\u00f6glichkeiten der modernen Medizin zur Verl\u00e4ngerung des Lebens werden, desto gr\u00f6\u00dfter wird bei vielen Menschen das Bed\u00fcrfnis, selbst &hellip;<\/p>\n<\/div>","protected":false},"author":1,"featured_media":0,"comment_status":"closed","ping_status":"closed","sticky":false,"template":"","format":"standard","meta":{"footnotes":""},"categories":[1],"tags":[],"class_list":["post-156300","post","type-post","status-publish","format-standard","hentry","category-startseite"],"_links":{"self":[{"href":"https:\/\/www.fuldaernachrichten.de\/index.php?rest_route=\/wp\/v2\/posts\/156300","targetHints":{"allow":["GET"]}}],"collection":[{"href":"https:\/\/www.fuldaernachrichten.de\/index.php?rest_route=\/wp\/v2\/posts"}],"about":[{"href":"https:\/\/www.fuldaernachrichten.de\/index.php?rest_route=\/wp\/v2\/types\/post"}],"author":[{"embeddable":true,"href":"https:\/\/www.fuldaernachrichten.de\/index.php?rest_route=\/wp\/v2\/users\/1"}],"replies":[{"embeddable":true,"href":"https:\/\/www.fuldaernachrichten.de\/index.php?rest_route=%2Fwp%2Fv2%2Fcomments&post=156300"}],"version-history":[{"count":1,"href":"https:\/\/www.fuldaernachrichten.de\/index.php?rest_route=\/wp\/v2\/posts\/156300\/revisions"}],"predecessor-version":[{"id":156307,"href":"https:\/\/www.fuldaernachrichten.de\/index.php?rest_route=\/wp\/v2\/posts\/156300\/revisions\/156307"}],"wp:attachment":[{"href":"https:\/\/www.fuldaernachrichten.de\/index.php?rest_route=%2Fwp%2Fv2%2Fmedia&parent=156300"}],"wp:term":[{"taxonomy":"category","embeddable":true,"href":"https:\/\/www.fuldaernachrichten.de\/index.php?rest_route=%2Fwp%2Fv2%2Fcategories&post=156300"},{"taxonomy":"post_tag","embeddable":true,"href":"https:\/\/www.fuldaernachrichten.de\/index.php?rest_route=%2Fwp%2Fv2%2Ftags&post=156300"}],"curies":[{"name":"wp","href":"https:\/\/api.w.org\/{rel}","templated":true}]}}