{"id":156299,"date":"2016-10-20T21:18:16","date_gmt":"2016-10-20T19:18:16","guid":{"rendered":"http:\/\/www.fuldaer-nachrichten.de\/?p=156299"},"modified":"2016-10-20T21:18:16","modified_gmt":"2016-10-20T19:18:16","slug":"deutsche-palliativstiftung-erhaelt-vdek-zukunftspreis-2016","status":"publish","type":"post","link":"https:\/\/www.fuldaernachrichten.de\/?p=156299","title":{"rendered":"Deutsche PalliativStiftung erh\u00e4lt vdek-Zukunftspreis 2016"},"content":{"rendered":"<p>Der Verband der Ersatzkassen (vdek) hat gestern Abend in der Landesvertretung des Saarlandes in Berlin den Zukunftspreis 2016 verliehen. In diesem Jahr wurden herausragende Praxisprojekte zum Thema \u201eAlterung der Migrationsgeneration \u2013 Interkulturelle Versorgungskonzepte f\u00fcr eine sich ver\u00e4ndernde Seniorengeneration\u201c ausgezeichnet. Die Deutsche PalliativStiftung (DPS) erhielt einen mit 2.500 \u00e2\u201a\u00ac dotierten Sonderpreis f\u00fcr ihre Brosch\u00fcre \u201ePflegetipps \u2013 Palliative Care\u201c, die aktuell schon in 14 Sprachen zur Verf\u00fcgung steht.<\/p>\n<p>Deutschland ist ein Einwanderungsland. Die erste Generation mit Migrationshintergrund kommt jetzt ins Alter und es zeigen sich zunehmend sprachliche und kulturelle Barrieren im Bereich der Pflege und palliativen Versorgung. \u201eEs gilt die Versorgung \u00e4lter werdender Menschen mit Migrationshintergrund zu verbessern. Wir m\u00fcssen kultursensibler werden, die Menschen in ihren kulturellen Besonderheiten begreifen, um sie angemessen versorgen zu k\u00f6nnen\u201c, sagt Christian Zahn, Verbandsvorsitzender des vdek und Vorsitzender der Jury. Aus diesem Grund zeichnete vdek in diesem Jahr vier Projekte aus, die praktische L\u00f6sungsans\u00e4tze f\u00fcr diese Herausforderungen bieten. Die \u00dcbersetzungen der Pflegetipps tragen einen wichtigen Teil dazu bei, Sprach- und Kommunikationsprobleme zu \u00fcberwinden.<\/p>\n<p>Die Pflegetipps der Deutschen Palliativstiftung enthalten R\u00fcstzeug f\u00fcr die Versorgung von pflegebed\u00fcrftigen Menschen, die an einer nicht heilbaren Krankheit leiden. Die leichtverst\u00e4ndliche Brosch\u00fcre richtet sich an professionell Pflegende und auch an Menschen, die einen Angeh\u00f6rigen zu Hause in seinem gewohnten Umfeld pflegen. Sie bietet praktische Hilfe in schwerer Zeit und soll die Lebensqualit\u00e4t der Patienten verbessern. F\u00fcr die stellvertretende Vorstandsvorsitzende der DPS, Elke Hohmann, haben die Pflegetipps eine ganz pers\u00f6nliche Bedeutung: \u201eW\u00e4hrend ich meinen Vater in seiner letzten Lebensphase zu Hause begleiten durfte, hat mir diese Brosch\u00fcre viel Sicherheit gegeben. Denn alle Fragen, die sich mir in den langen N\u00e4chten gestellt haben, wurden auf einf\u00fchlsame und verst\u00e4ndliche Weise beantwortet. Mit den \u00dcbersetzungen wollen wir auch Menschen mit Migrationshintergrund diese wertvolle Unterst\u00fctzung erm\u00f6glichen.\u201c<\/p>\n<p>Bildunterschrift: Vorstandsvorsitzender der DPS Dr. Thomas Sitte und seine Stellvertreterin Elke Hohmann mit dem gesamten B\u00fcroteam bei der Verleihung des vdek-Zukunftspreises.<\/p>\n","protected":false},"excerpt":{"rendered":"<div class=\"tmnf_excerpt\"><p>Der Verband der Ersatzkassen (vdek) hat gestern Abend in der Landesvertretung des Saarlandes in Berlin den Zukunftspreis 2016 verliehen. In diesem Jahr wurden herausragende Praxisprojekte zum Thema \u201eAlterung der Migrationsgeneration \u2013 Interkulturelle Versorgungskonzepte f\u00fcr eine sich ver\u00e4ndernde Seniorengeneration\u201c ausgezeichnet. Die Deutsche PalliativStiftung (DPS) erhielt einen mit 2.500 \u00e2\u201a\u00ac dotierten Sonderpreis f\u00fcr ihre Brosch\u00fcre \u201ePflegetipps \u2013 &hellip;<\/p>\n<\/div>","protected":false},"author":1,"featured_media":156305,"comment_status":"closed","ping_status":"closed","sticky":false,"template":"","format":"standard","meta":{"footnotes":""},"categories":[1],"tags":[],"class_list":["post-156299","post","type-post","status-publish","format-standard","has-post-thumbnail","hentry","category-startseite"],"_links":{"self":[{"href":"https:\/\/www.fuldaernachrichten.de\/index.php?rest_route=\/wp\/v2\/posts\/156299","targetHints":{"allow":["GET"]}}],"collection":[{"href":"https:\/\/www.fuldaernachrichten.de\/index.php?rest_route=\/wp\/v2\/posts"}],"about":[{"href":"https:\/\/www.fuldaernachrichten.de\/index.php?rest_route=\/wp\/v2\/types\/post"}],"author":[{"embeddable":true,"href":"https:\/\/www.fuldaernachrichten.de\/index.php?rest_route=\/wp\/v2\/users\/1"}],"replies":[{"embeddable":true,"href":"https:\/\/www.fuldaernachrichten.de\/index.php?rest_route=%2Fwp%2Fv2%2Fcomments&post=156299"}],"version-history":[{"count":1,"href":"https:\/\/www.fuldaernachrichten.de\/index.php?rest_route=\/wp\/v2\/posts\/156299\/revisions"}],"predecessor-version":[{"id":156306,"href":"https:\/\/www.fuldaernachrichten.de\/index.php?rest_route=\/wp\/v2\/posts\/156299\/revisions\/156306"}],"wp:featuredmedia":[{"embeddable":true,"href":"https:\/\/www.fuldaernachrichten.de\/index.php?rest_route=\/wp\/v2\/media\/156305"}],"wp:attachment":[{"href":"https:\/\/www.fuldaernachrichten.de\/index.php?rest_route=%2Fwp%2Fv2%2Fmedia&parent=156299"}],"wp:term":[{"taxonomy":"category","embeddable":true,"href":"https:\/\/www.fuldaernachrichten.de\/index.php?rest_route=%2Fwp%2Fv2%2Fcategories&post=156299"},{"taxonomy":"post_tag","embeddable":true,"href":"https:\/\/www.fuldaernachrichten.de\/index.php?rest_route=%2Fwp%2Fv2%2Ftags&post=156299"}],"curies":[{"name":"wp","href":"https:\/\/api.w.org\/{rel}","templated":true}]}}