{"id":156291,"date":"2016-10-19T08:26:04","date_gmt":"2016-10-19T06:26:04","guid":{"rendered":"http:\/\/www.fuldaer-nachrichten.de\/?p=156291"},"modified":"2016-10-19T08:26:04","modified_gmt":"2016-10-19T06:26:04","slug":"autorenlesung-mit-sebastian-urbanski-am-29-oktober","status":"publish","type":"post","link":"https:\/\/www.fuldaernachrichten.de\/?p=156291","title":{"rendered":"Autorenlesung mit Sebastian Urbanski am 29. Oktober"},"content":{"rendered":"<p>\u201eAm liebsten bin ich Hamlet: Mit dem Downsyndrom mitten im Leben\u201c Der Schauspieler und Synchronsprecher Sebastian Urbanski hat das Downsyndrom. Er schreibt in seinem Buch \u00fcber sein Leben, seine Kindheit in der ehemaligen DDR, seine Jugend im Westen und seine schauspielerische Karriere. Im Rahmen einer Autorenlesung am Samstag, 29. Oktober 2016, um 19.00 Uhr in der Festscheune von antonius\u00c2\u00a0 &#8211; Netzwerk Mensch (An St. Kathrin 4) l\u00e4sst der 36-j\u00e4hrige die Zuh\u00f6rer teilhaben an seiner ganz erfrischenden Sichtweise auf die Welt und seine Mitmenschen: einf\u00fchlsam, unterhaltsam und anregend zugleich.<\/p>\n<p>Interessenten melden sich bitte bei Magdalena Flache (Tel. 0661 10 97 346 oder m.flache@antonius-fulda.de) an. Eintritt: Nachher zahlen, was der Abend mir wert war.<\/p>\n","protected":false},"excerpt":{"rendered":"<div class=\"tmnf_excerpt\"><p>\u201eAm liebsten bin ich Hamlet: Mit dem Downsyndrom mitten im Leben\u201c Der Schauspieler und Synchronsprecher Sebastian Urbanski hat das Downsyndrom. Er schreibt in seinem Buch \u00fcber sein Leben, seine Kindheit in der ehemaligen DDR, seine Jugend im Westen und seine schauspielerische Karriere. Im Rahmen einer Autorenlesung am Samstag, 29. Oktober 2016, um 19.00 Uhr in &hellip;<\/p>\n<\/div>","protected":false},"author":1,"featured_media":156297,"comment_status":"closed","ping_status":"closed","sticky":false,"template":"","format":"standard","meta":{"footnotes":""},"categories":[1],"tags":[],"class_list":["post-156291","post","type-post","status-publish","format-standard","has-post-thumbnail","hentry","category-startseite"],"_links":{"self":[{"href":"https:\/\/www.fuldaernachrichten.de\/index.php?rest_route=\/wp\/v2\/posts\/156291","targetHints":{"allow":["GET"]}}],"collection":[{"href":"https:\/\/www.fuldaernachrichten.de\/index.php?rest_route=\/wp\/v2\/posts"}],"about":[{"href":"https:\/\/www.fuldaernachrichten.de\/index.php?rest_route=\/wp\/v2\/types\/post"}],"author":[{"embeddable":true,"href":"https:\/\/www.fuldaernachrichten.de\/index.php?rest_route=\/wp\/v2\/users\/1"}],"replies":[{"embeddable":true,"href":"https:\/\/www.fuldaernachrichten.de\/index.php?rest_route=%2Fwp%2Fv2%2Fcomments&post=156291"}],"version-history":[{"count":1,"href":"https:\/\/www.fuldaernachrichten.de\/index.php?rest_route=\/wp\/v2\/posts\/156291\/revisions"}],"predecessor-version":[{"id":156298,"href":"https:\/\/www.fuldaernachrichten.de\/index.php?rest_route=\/wp\/v2\/posts\/156291\/revisions\/156298"}],"wp:featuredmedia":[{"embeddable":true,"href":"https:\/\/www.fuldaernachrichten.de\/index.php?rest_route=\/wp\/v2\/media\/156297"}],"wp:attachment":[{"href":"https:\/\/www.fuldaernachrichten.de\/index.php?rest_route=%2Fwp%2Fv2%2Fmedia&parent=156291"}],"wp:term":[{"taxonomy":"category","embeddable":true,"href":"https:\/\/www.fuldaernachrichten.de\/index.php?rest_route=%2Fwp%2Fv2%2Fcategories&post=156291"},{"taxonomy":"post_tag","embeddable":true,"href":"https:\/\/www.fuldaernachrichten.de\/index.php?rest_route=%2Fwp%2Fv2%2Ftags&post=156291"}],"curies":[{"name":"wp","href":"https:\/\/api.w.org\/{rel}","templated":true}]}}