{"id":156290,"date":"2016-10-19T08:25:05","date_gmt":"2016-10-19T06:25:05","guid":{"rendered":"http:\/\/www.fuldaer-nachrichten.de\/?p=156290"},"modified":"2016-10-19T08:25:05","modified_gmt":"2016-10-19T06:25:05","slug":"irgendwie-anders-und-doch-vertraut-bekannte-maerchen-in-fremdem-gewand","status":"publish","type":"post","link":"https:\/\/www.fuldaernachrichten.de\/?p=156290","title":{"rendered":"\u201eIrgendwie anders und doch vertraut &#8230;\u201c &#8211; Bekannte M\u00e4rchen in fremdem Gewand"},"content":{"rendered":"<p>Volksm\u00e4rchen wurden &#8211; wie auch Mythen, Sagen und Legenden &#8211; \u00fcber lange Zeitr\u00e4ume hinweg, die bis in die Anf\u00e4nge der Menschheitsgeschichte reichen, in allen Kulturen ausschlie\u00dflich m\u00fcndlich weitergegeben. Dies ist auch in der heutigen Zeit trotz literarischer Erfassungs- und Verbreitungsm\u00f6glichkeiten die nat\u00fcrlichste Form der M\u00e4rchen\u00fcberlieferung geblieben.<\/p>\n<p>Bedingt durch diese m\u00fcndliche Erz\u00e4hltradition erkl\u00e4rt sich auch, dass es zu den einzelnen Erz\u00e4hltypen und Motiven die unterschiedlichsten Varianten gibt. Abh\u00e4ngig von den Erz\u00e4hlenden und der jeweiligen Zuh\u00f6rerschaft sowie auch von den geographischen, historischen und kulturellen Unterschieden und Besonderheiten werden in den Volksm\u00e4rchen bestimmte Grundthemen auf mannigfaltige Art und Weise ausgestaltet. Entsprechende Vergleiche verdeutlichen, dass diese Inhalte universal sind und keine Sprach- und L\u00e4ndergrenzen kennen.<\/p>\n<p>Am Dienstag, den 25. Oktober 2016, l\u00e4dt der F\u00f6rderverein Frauenzentrum um 19.00 Uhr alle m\u00e4rchenliebenden Personen zur n\u00e4chsten Veranstaltung in seiner Reihe &#8220;Weisheit im M\u00e4rchen&#8221; herzlich ein. Unter dem Motto &#8220;Irgendwie anders und doch vertraut &#8230;&#8221; geht es dieses Mal um Varianten bekannter Volksm\u00e4rchen aus unserem Kulturkreis. Es gilt das Potential und die Chancen zu entdecken, die M\u00e4rchen f\u00fcr V\u00f6lkerverst\u00e4ndigung und Integration bieten.<\/p>\n<p>Christine Osafo wird im Frauenzentrum Fulda, Schlossstra\u00dfe 12, eine Auswahl entsprechender M\u00e4rchen aus verschiedenen L\u00e4ndern und Kulturen vortragen. Sie m\u00f6chte damit f\u00fcr Gemeinsamkeiten innerhalb der gro\u00dfen Menschheitsfamilie sensibilisieren und so gerade in der heutigen Zeit zu einem Abbau von \u00c4ngsten und Vorurteilen gegen\u00fcber dem Fremden beitragen.<\/p>\n<p>Der Unkostenbeitrag zu dieser Veranstaltung betr\u00e4gt 3 Euro.<\/p>\n","protected":false},"excerpt":{"rendered":"<div class=\"tmnf_excerpt\"><p>Volksm\u00e4rchen wurden &#8211; wie auch Mythen, Sagen und Legenden &#8211; \u00fcber lange Zeitr\u00e4ume hinweg, die bis in die Anf\u00e4nge der Menschheitsgeschichte reichen, in allen Kulturen ausschlie\u00dflich m\u00fcndlich weitergegeben. Dies ist auch in der heutigen Zeit trotz literarischer Erfassungs- und Verbreitungsm\u00f6glichkeiten die nat\u00fcrlichste Form der M\u00e4rchen\u00fcberlieferung geblieben. Bedingt durch diese m\u00fcndliche Erz\u00e4hltradition erkl\u00e4rt sich auch, dass &hellip;<\/p>\n<\/div>","protected":false},"author":1,"featured_media":0,"comment_status":"closed","ping_status":"closed","sticky":false,"template":"","format":"standard","meta":{"footnotes":""},"categories":[1],"tags":[],"class_list":["post-156290","post","type-post","status-publish","format-standard","hentry","category-startseite"],"_links":{"self":[{"href":"https:\/\/www.fuldaernachrichten.de\/index.php?rest_route=\/wp\/v2\/posts\/156290","targetHints":{"allow":["GET"]}}],"collection":[{"href":"https:\/\/www.fuldaernachrichten.de\/index.php?rest_route=\/wp\/v2\/posts"}],"about":[{"href":"https:\/\/www.fuldaernachrichten.de\/index.php?rest_route=\/wp\/v2\/types\/post"}],"author":[{"embeddable":true,"href":"https:\/\/www.fuldaernachrichten.de\/index.php?rest_route=\/wp\/v2\/users\/1"}],"replies":[{"embeddable":true,"href":"https:\/\/www.fuldaernachrichten.de\/index.php?rest_route=%2Fwp%2Fv2%2Fcomments&post=156290"}],"version-history":[{"count":1,"href":"https:\/\/www.fuldaernachrichten.de\/index.php?rest_route=\/wp\/v2\/posts\/156290\/revisions"}],"predecessor-version":[{"id":156295,"href":"https:\/\/www.fuldaernachrichten.de\/index.php?rest_route=\/wp\/v2\/posts\/156290\/revisions\/156295"}],"wp:attachment":[{"href":"https:\/\/www.fuldaernachrichten.de\/index.php?rest_route=%2Fwp%2Fv2%2Fmedia&parent=156290"}],"wp:term":[{"taxonomy":"category","embeddable":true,"href":"https:\/\/www.fuldaernachrichten.de\/index.php?rest_route=%2Fwp%2Fv2%2Fcategories&post=156290"},{"taxonomy":"post_tag","embeddable":true,"href":"https:\/\/www.fuldaernachrichten.de\/index.php?rest_route=%2Fwp%2Fv2%2Ftags&post=156290"}],"curies":[{"name":"wp","href":"https:\/\/api.w.org\/{rel}","templated":true}]}}