{"id":156276,"date":"2016-10-19T08:21:26","date_gmt":"2016-10-19T06:21:26","guid":{"rendered":"http:\/\/www.fuldaer-nachrichten.de\/?p=156276"},"modified":"2016-10-19T08:21:26","modified_gmt":"2016-10-19T06:21:26","slug":"470-000-e-foerdermittel-des-landes-fuer-modernisierung-der-jugendbildungsstaette-thomas-morus-haus","status":"publish","type":"post","link":"https:\/\/www.fuldaernachrichten.de\/?p=156276","title":{"rendered":"470.000 \u00e2\u201a\u00ac F\u00f6rdermittel des Landes f\u00fcr Modernisierung der Jugendbildungsst\u00e4tte Thomas Morus Haus"},"content":{"rendered":"<p>Mit 470.000\u00e2\u201a\u00ac unterst\u00fctzt das Land Hessen umfangreiche Umbau- und Sanierungsma\u00dfnahmen am Thomas-Morus Haus in Hilders. Dr. Wolfgang Dippel, Staatssekret\u00e4r im hessischen Ministerium f\u00fcr Soziales und Integration \u00fcberbrachte heute einen entsprechenden Bewilligungsbescheid. Der Staatssekret\u00e4r unterstrich die Bedeutung au\u00dferschulischer Jugendarbeit: \u201eDiese Arbeit ist wertvoll, da den jungen Leuten\u00c2\u00a0 nicht nur Wissen vermittelt wird. Sie werden vielmehr zu Eigeninitiative motiviert. Zentrale Schl\u00fcsselqualifikationen wie soziale Kompetenz, Urteilsverm\u00f6gen, Kreativit\u00e4t, Verantwortungsbewusstsein und Toleranz werden gef\u00f6rdert\u201c, betonte Dippel.<\/p>\n<p>Tr\u00e4gerverein des Thomas-Morus Hauses ist das Jugendwerk St. Michael e. V., ein eingetragener Verein zur F\u00f6rderung der katholischen Jugendarbeit im Bistum Fulda. Die Jugendbildungsst\u00e4tte befindet sich einen halben Kilometer au\u00dferhalb des Ortes. Angegliedert an das Haupthaus\u00c2\u00a0 sind ein Zeltplatz sowie eine Spielscheune. Weiterhin befindet sich auf dem Grundst\u00fcck die Selbstversorgereinheit \u201ePater-L\u00f6slein-H\u00fctte\u201c.<\/p>\n<p>Beabsichtigt ist der Neubau eines zwei-geschossigen Anbaus an der Nord-Ost-Seite des Geb\u00e4udes. Im Erdgeschoss des Neubaus soll ein Multifunktionsraum mit 50 Pl\u00e4tzen mit angegliedertem Stuhllager und Technikraum entstehen. Im Obergeschoss sollen weiterhin Sanit\u00e4ranlagen eingerichtet werden, die von au\u00dfen durch eine neu zu bauende Treppe f\u00fcr die G\u00e4ste des Zeltplatzes erreichbar sind, aber auch mit dem bestehenden Geb\u00e4ude verbunden werden.<br \/>\nNeben dem Neubau sind im vorhandenen Haus mehrere Umbau- und Sanierungsarbeiten vorgesehen, etwa die energetische Sanierung des Dachs, Sanierung und Umbau des Dachgeschosses, die Sanierung der Hausmeisterwohnung im 1. Obergeschoss und des vorhandenen Tagungsraums sowie diverse Nutzungs\u00e4nderungen bestehender R\u00e4ume.<\/p>\n<p>Auch an den Au\u00dfenanlagen sind kleine \u00c4nderungen vorgesehen, etwa eine neue St\u00fctzmauer und die Erg\u00e4nzung und Anpassung der vorhandenen Pflasterwege\/-Terrassen im Bereich des Erweiterungsbaus.<\/p>\n","protected":false},"excerpt":{"rendered":"<div class=\"tmnf_excerpt\"><p>Mit 470.000\u00e2\u201a\u00ac unterst\u00fctzt das Land Hessen umfangreiche Umbau- und Sanierungsma\u00dfnahmen am Thomas-Morus Haus in Hilders. Dr. Wolfgang Dippel, Staatssekret\u00e4r im hessischen Ministerium f\u00fcr Soziales und Integration \u00fcberbrachte heute einen entsprechenden Bewilligungsbescheid. Der Staatssekret\u00e4r unterstrich die Bedeutung au\u00dferschulischer Jugendarbeit: \u201eDiese Arbeit ist wertvoll, da den jungen Leuten\u00c2\u00a0 nicht nur Wissen vermittelt wird. Sie werden vielmehr zu &hellip;<\/p>\n<\/div>","protected":false},"author":1,"featured_media":0,"comment_status":"closed","ping_status":"closed","sticky":false,"template":"","format":"standard","meta":{"footnotes":""},"categories":[1],"tags":[],"class_list":["post-156276","post","type-post","status-publish","format-standard","hentry","category-startseite"],"_links":{"self":[{"href":"https:\/\/www.fuldaernachrichten.de\/index.php?rest_route=\/wp\/v2\/posts\/156276","targetHints":{"allow":["GET"]}}],"collection":[{"href":"https:\/\/www.fuldaernachrichten.de\/index.php?rest_route=\/wp\/v2\/posts"}],"about":[{"href":"https:\/\/www.fuldaernachrichten.de\/index.php?rest_route=\/wp\/v2\/types\/post"}],"author":[{"embeddable":true,"href":"https:\/\/www.fuldaernachrichten.de\/index.php?rest_route=\/wp\/v2\/users\/1"}],"replies":[{"embeddable":true,"href":"https:\/\/www.fuldaernachrichten.de\/index.php?rest_route=%2Fwp%2Fv2%2Fcomments&post=156276"}],"version-history":[{"count":1,"href":"https:\/\/www.fuldaernachrichten.de\/index.php?rest_route=\/wp\/v2\/posts\/156276\/revisions"}],"predecessor-version":[{"id":156279,"href":"https:\/\/www.fuldaernachrichten.de\/index.php?rest_route=\/wp\/v2\/posts\/156276\/revisions\/156279"}],"wp:attachment":[{"href":"https:\/\/www.fuldaernachrichten.de\/index.php?rest_route=%2Fwp%2Fv2%2Fmedia&parent=156276"}],"wp:term":[{"taxonomy":"category","embeddable":true,"href":"https:\/\/www.fuldaernachrichten.de\/index.php?rest_route=%2Fwp%2Fv2%2Fcategories&post=156276"},{"taxonomy":"post_tag","embeddable":true,"href":"https:\/\/www.fuldaernachrichten.de\/index.php?rest_route=%2Fwp%2Fv2%2Ftags&post=156276"}],"curies":[{"name":"wp","href":"https:\/\/api.w.org\/{rel}","templated":true}]}}