{"id":156268,"date":"2016-10-19T08:21:17","date_gmt":"2016-10-19T06:21:17","guid":{"rendered":"http:\/\/www.fuldaer-nachrichten.de\/?p=156268"},"modified":"2016-10-19T08:21:17","modified_gmt":"2016-10-19T06:21:17","slug":"in-den-herbstferien-auf-schatzsuche","status":"publish","type":"post","link":"https:\/\/www.fuldaernachrichten.de\/?p=156268","title":{"rendered":"In den Herbstferien auf Schatzsuche"},"content":{"rendered":"<p>In den Herbstferien k\u00f6nnen kleine Ratef\u00fcchse von 3 \u2013 10 Jahren auf Schatzsuche gehen. Am Dienstag, den 25. Oktober wird bei der kindgerechten F\u00fchrung das Leben im Mittelalter vermittelt. Die Kinder gehen mit einer Schatzkarte auf Suche und erfahren wie die B\u00fcdinger sich vor Angriffen sch\u00fctzten, wie gemessen und Arzneien hergestellt wurden. Diese und andere Geheimnisse werden auf dem 1,5 st\u00fcndigen Rundgang gel\u00fcftet.<\/p>\n<p>Die Schatzsuche beginnt um 14:30 Uhr ab Marktplatz und kostet 3,50\u00e2\u201a\u00ac pro Teilnehmer.<br \/>\nKarten bei der Tourist-Information B\u00fcdingen, Marktplatz 9, 63654 B\u00fcdingen, Telefon: 06042-96370, mail@buedingen.info. Mehr Informationen unter: www.buedingen.info.<\/p>\n","protected":false},"excerpt":{"rendered":"<div class=\"tmnf_excerpt\"><p>In den Herbstferien k\u00f6nnen kleine Ratef\u00fcchse von 3 \u2013 10 Jahren auf Schatzsuche gehen. Am Dienstag, den 25. Oktober wird bei der kindgerechten F\u00fchrung das Leben im Mittelalter vermittelt. Die Kinder gehen mit einer Schatzkarte auf Suche und erfahren wie die B\u00fcdinger sich vor Angriffen sch\u00fctzten, wie gemessen und Arzneien hergestellt wurden. Diese und andere &hellip;<\/p>\n<\/div>","protected":false},"author":1,"featured_media":156277,"comment_status":"closed","ping_status":"closed","sticky":false,"template":"","format":"standard","meta":{"footnotes":""},"categories":[1],"tags":[],"class_list":["post-156268","post","type-post","status-publish","format-standard","has-post-thumbnail","hentry","category-startseite"],"_links":{"self":[{"href":"https:\/\/www.fuldaernachrichten.de\/index.php?rest_route=\/wp\/v2\/posts\/156268","targetHints":{"allow":["GET"]}}],"collection":[{"href":"https:\/\/www.fuldaernachrichten.de\/index.php?rest_route=\/wp\/v2\/posts"}],"about":[{"href":"https:\/\/www.fuldaernachrichten.de\/index.php?rest_route=\/wp\/v2\/types\/post"}],"author":[{"embeddable":true,"href":"https:\/\/www.fuldaernachrichten.de\/index.php?rest_route=\/wp\/v2\/users\/1"}],"replies":[{"embeddable":true,"href":"https:\/\/www.fuldaernachrichten.de\/index.php?rest_route=%2Fwp%2Fv2%2Fcomments&post=156268"}],"version-history":[{"count":1,"href":"https:\/\/www.fuldaernachrichten.de\/index.php?rest_route=\/wp\/v2\/posts\/156268\/revisions"}],"predecessor-version":[{"id":156278,"href":"https:\/\/www.fuldaernachrichten.de\/index.php?rest_route=\/wp\/v2\/posts\/156268\/revisions\/156278"}],"wp:featuredmedia":[{"embeddable":true,"href":"https:\/\/www.fuldaernachrichten.de\/index.php?rest_route=\/wp\/v2\/media\/156277"}],"wp:attachment":[{"href":"https:\/\/www.fuldaernachrichten.de\/index.php?rest_route=%2Fwp%2Fv2%2Fmedia&parent=156268"}],"wp:term":[{"taxonomy":"category","embeddable":true,"href":"https:\/\/www.fuldaernachrichten.de\/index.php?rest_route=%2Fwp%2Fv2%2Fcategories&post=156268"},{"taxonomy":"post_tag","embeddable":true,"href":"https:\/\/www.fuldaernachrichten.de\/index.php?rest_route=%2Fwp%2Fv2%2Ftags&post=156268"}],"curies":[{"name":"wp","href":"https:\/\/api.w.org\/{rel}","templated":true}]}}