{"id":156266,"date":"2016-10-19T08:20:13","date_gmt":"2016-10-19T06:20:13","guid":{"rendered":"http:\/\/www.fuldaer-nachrichten.de\/?p=156266"},"modified":"2016-10-19T08:20:13","modified_gmt":"2016-10-19T06:20:13","slug":"schreibwerkstatt-patientenverfuegung-studientag-im-bonifatiushaus","status":"publish","type":"post","link":"https:\/\/www.fuldaernachrichten.de\/?p=156266","title":{"rendered":"Schreibwerkstatt Patientenverf\u00fcgung &#8211; Studientag im Bonifatiushaus"},"content":{"rendered":"<p>Die neuen medizinischen M\u00f6glichkeiten der Lebensverl\u00e4ngerung rufen Menschen immer st\u00e4rker in die Verantwortung, Fragen nach dem eigenen Lebensende mittels Patientenverf\u00fcgung und Vorsorge- bzw. Betreuungsvollmachten selbst zu bestimmen. Dazu veranstaltet das Bonifatiushaus am Samstag, den 5. November 2016, 9.00 Uhr eine \u00e2\u20ac\u0161Schreibwerkstatt Patientenverf\u00fcgung\u00e2\u20ac\u02dc. Unter Leitung von Rechtsanwalt Michael Roth, Bruchk\u00f6bel und dem Trauerseelsorger des Bistums Fulda, Pfarrer Werner Gutheil, Hanau, werden Teilnehmende in das Thema eingef\u00fchrt und erhalten Anregungen und Hilfen zur Anfertigung eigener Patientenverf\u00fcgungen. Au\u00dferdem wird es auch um Fragen der Festlegung der eigenen Trauerfeier und des Totengedenkens gehen. F\u00fcr Anmeldungen und R\u00fcckfragen wenden Sie sich an das Bonifatiushaus, Telefon 06 61\/8398-117 oder per e-mail an\u00c2\u00a0 info@bonifatiushaus.de.<\/p>\n","protected":false},"excerpt":{"rendered":"<div class=\"tmnf_excerpt\"><p>Die neuen medizinischen M\u00f6glichkeiten der Lebensverl\u00e4ngerung rufen Menschen immer st\u00e4rker in die Verantwortung, Fragen nach dem eigenen Lebensende mittels Patientenverf\u00fcgung und Vorsorge- bzw. Betreuungsvollmachten selbst zu bestimmen. Dazu veranstaltet das Bonifatiushaus am Samstag, den 5. November 2016, 9.00 Uhr eine \u00e2\u20ac\u0161Schreibwerkstatt Patientenverf\u00fcgung\u00e2\u20ac\u02dc. Unter Leitung von Rechtsanwalt Michael Roth, Bruchk\u00f6bel und dem Trauerseelsorger des Bistums Fulda, &hellip;<\/p>\n<\/div>","protected":false},"author":1,"featured_media":0,"comment_status":"closed","ping_status":"closed","sticky":false,"template":"","format":"standard","meta":{"footnotes":""},"categories":[1],"tags":[],"class_list":["post-156266","post","type-post","status-publish","format-standard","hentry","category-startseite"],"_links":{"self":[{"href":"https:\/\/www.fuldaernachrichten.de\/index.php?rest_route=\/wp\/v2\/posts\/156266","targetHints":{"allow":["GET"]}}],"collection":[{"href":"https:\/\/www.fuldaernachrichten.de\/index.php?rest_route=\/wp\/v2\/posts"}],"about":[{"href":"https:\/\/www.fuldaernachrichten.de\/index.php?rest_route=\/wp\/v2\/types\/post"}],"author":[{"embeddable":true,"href":"https:\/\/www.fuldaernachrichten.de\/index.php?rest_route=\/wp\/v2\/users\/1"}],"replies":[{"embeddable":true,"href":"https:\/\/www.fuldaernachrichten.de\/index.php?rest_route=%2Fwp%2Fv2%2Fcomments&post=156266"}],"version-history":[{"count":1,"href":"https:\/\/www.fuldaernachrichten.de\/index.php?rest_route=\/wp\/v2\/posts\/156266\/revisions"}],"predecessor-version":[{"id":156273,"href":"https:\/\/www.fuldaernachrichten.de\/index.php?rest_route=\/wp\/v2\/posts\/156266\/revisions\/156273"}],"wp:attachment":[{"href":"https:\/\/www.fuldaernachrichten.de\/index.php?rest_route=%2Fwp%2Fv2%2Fmedia&parent=156266"}],"wp:term":[{"taxonomy":"category","embeddable":true,"href":"https:\/\/www.fuldaernachrichten.de\/index.php?rest_route=%2Fwp%2Fv2%2Fcategories&post=156266"},{"taxonomy":"post_tag","embeddable":true,"href":"https:\/\/www.fuldaernachrichten.de\/index.php?rest_route=%2Fwp%2Fv2%2Ftags&post=156266"}],"curies":[{"name":"wp","href":"https:\/\/api.w.org\/{rel}","templated":true}]}}