{"id":156261,"date":"2016-10-18T07:58:14","date_gmt":"2016-10-18T05:58:14","guid":{"rendered":"http:\/\/www.fuldaer-nachrichten.de\/?p=156261"},"modified":"2016-10-18T07:58:14","modified_gmt":"2016-10-18T05:58:14","slug":"intervall-fasten-mit-schuessler-salzen","status":"publish","type":"post","link":"https:\/\/www.fuldaernachrichten.de\/?p=156261","title":{"rendered":"Intervall-Fasten mit Sch\u00fc\u00dfler-Salzen"},"content":{"rendered":"<p>Intervall-Fasten ist keine Di\u00e4t, sondern aktiviert das k\u00f6rpereigene Programm zur Gewichtsreduktion und gleichzeitig das Immunsystem. Unterst\u00fctzend k\u00f6nnen Sch\u00fc\u00dfler-Salze eingesetzt werden, um den K\u00f6rper sanft im Umstellungsprozess zu regulieren. Ein Kurs der Volkshochschule des Landkreises Fulda in Kooperation mit der Naturheilpraxis Hainzell beginnt am Donnerstag, 27. Oktober, um 20 Uhr in Hainzell, Am wei\u00dfen Stein 6. Anmeldung mit Kursnummer VN3071580 unter www.vhs-fulda.de oder Telefon (0661) 6006-1600.<\/p>\n","protected":false},"excerpt":{"rendered":"<div class=\"tmnf_excerpt\"><p>Intervall-Fasten ist keine Di\u00e4t, sondern aktiviert das k\u00f6rpereigene Programm zur Gewichtsreduktion und gleichzeitig das Immunsystem. Unterst\u00fctzend k\u00f6nnen Sch\u00fc\u00dfler-Salze eingesetzt werden, um den K\u00f6rper sanft im Umstellungsprozess zu regulieren. Ein Kurs der Volkshochschule des Landkreises Fulda in Kooperation mit der Naturheilpraxis Hainzell beginnt am Donnerstag, 27. Oktober, um 20 Uhr in Hainzell, Am wei\u00dfen Stein 6. &hellip;<\/p>\n<\/div>","protected":false},"author":1,"featured_media":0,"comment_status":"closed","ping_status":"closed","sticky":false,"template":"","format":"standard","meta":{"footnotes":""},"categories":[1],"tags":[],"class_list":["post-156261","post","type-post","status-publish","format-standard","hentry","category-startseite"],"_links":{"self":[{"href":"https:\/\/www.fuldaernachrichten.de\/index.php?rest_route=\/wp\/v2\/posts\/156261","targetHints":{"allow":["GET"]}}],"collection":[{"href":"https:\/\/www.fuldaernachrichten.de\/index.php?rest_route=\/wp\/v2\/posts"}],"about":[{"href":"https:\/\/www.fuldaernachrichten.de\/index.php?rest_route=\/wp\/v2\/types\/post"}],"author":[{"embeddable":true,"href":"https:\/\/www.fuldaernachrichten.de\/index.php?rest_route=\/wp\/v2\/users\/1"}],"replies":[{"embeddable":true,"href":"https:\/\/www.fuldaernachrichten.de\/index.php?rest_route=%2Fwp%2Fv2%2Fcomments&post=156261"}],"version-history":[{"count":1,"href":"https:\/\/www.fuldaernachrichten.de\/index.php?rest_route=\/wp\/v2\/posts\/156261\/revisions"}],"predecessor-version":[{"id":156264,"href":"https:\/\/www.fuldaernachrichten.de\/index.php?rest_route=\/wp\/v2\/posts\/156261\/revisions\/156264"}],"wp:attachment":[{"href":"https:\/\/www.fuldaernachrichten.de\/index.php?rest_route=%2Fwp%2Fv2%2Fmedia&parent=156261"}],"wp:term":[{"taxonomy":"category","embeddable":true,"href":"https:\/\/www.fuldaernachrichten.de\/index.php?rest_route=%2Fwp%2Fv2%2Fcategories&post=156261"},{"taxonomy":"post_tag","embeddable":true,"href":"https:\/\/www.fuldaernachrichten.de\/index.php?rest_route=%2Fwp%2Fv2%2Ftags&post=156261"}],"curies":[{"name":"wp","href":"https:\/\/api.w.org\/{rel}","templated":true}]}}