{"id":156253,"date":"2016-10-18T07:56:17","date_gmt":"2016-10-18T05:56:17","guid":{"rendered":"http:\/\/www.fuldaer-nachrichten.de\/?p=156253"},"modified":"2016-10-18T07:56:17","modified_gmt":"2016-10-18T05:56:17","slug":"fuer-den-fall-der-faelle","status":"publish","type":"post","link":"https:\/\/www.fuldaernachrichten.de\/?p=156253","title":{"rendered":"F\u00fcr den Fall der F\u00e4lle"},"content":{"rendered":"<p><a href=\"http:\/\/www.fuldaer-nachrichten.de\/wp-content\/uploads\/2016\/10\/IMG_9698.jpg\"><img decoding=\"async\" class=\"alignleft size-thumbnail wp-image-156257\" src=\"http:\/\/www.fuldaer-nachrichten.de\/wp-content\/uploads\/2016\/10\/IMG_9698-265x177.jpg\" alt=\"img_9698\" width=\"265\" height=\"177\" srcset=\"https:\/\/www.fuldaernachrichten.de\/wp-content\/uploads\/2016\/10\/IMG_9698-265x177.jpg 265w, https:\/\/www.fuldaernachrichten.de\/wp-content\/uploads\/2016\/10\/IMG_9698-768x512.jpg 768w, https:\/\/www.fuldaernachrichten.de\/wp-content\/uploads\/2016\/10\/IMG_9698-600x400.jpg 600w, https:\/\/www.fuldaernachrichten.de\/wp-content\/uploads\/2016\/10\/IMG_9698.jpg 900w\" sizes=\"(max-width: 265px) 100vw, 265px\" \/><\/a>Am Dienstag, 11.10.2016, hat antonius \u2013 Netzwerk Mensch eine Vortragsveranstaltung unter dem Thema \u201eF\u00fcr den Fall der F\u00e4lle\u201c durchgef\u00fchrt. Das Interesse an diesen erbrechtlichen Themen war so gro\u00df, dass nicht alle Anmeldungen ber\u00fccksichtigt werden konnten.<br \/>\nUngeachtet dessen wird es eine Folgeveranstaltung am 08.11.2016 zu dem erbrechtlichen Thema \u201eBehindertentestament\u201c geben, \u00fcber die aber noch weitere Informationen ver\u00f6ffentlicht werden.<\/p>\n<p>F\u00fcr den Vortrag konnte Herr Dr. Gerhard Schlitt, Rechtsanwalt, Notar und Fachanwalt f\u00fcr Erbrecht aus Petersberg, gewonnen werden, der bereits viermal vom FOCUS als Erbrechtsspezialist ausgewiesen worden ist. Er hat einen breiten Bogen \u00fcber erbrechtliche Themen, insbesondere zu Fragen der Notwendigkeit der Erteilung von Vorsorgevollmachten, zu Problemen eines \u00dcbergabevertrages und auch zu erbschaftsteuerlichen und erbrechtlichen Problemen gespannt. Der Referent wies darauf hin, dass bei der Errichtung eines letztwilligen Testaments wichtige Vorgaben zu erf\u00fcllen sind. Es ist nicht immer zwingend, dass man nur einen Alleinerben oder mehrere Erben testamentarisch ber\u00fccksichtigt. Daneben kann man auch durch Verm\u00e4chtnisse zugunsten von dritten Personen oder m\u00f6glicherweise zugunsten von Hilfsorganisationen oder gemeinn\u00fctzigen Stiftungen Geld- oder Sachverm\u00e4chtnisse anordnen. In\u00c2\u00a0einem Testament k\u00f6nnen aber auch Auflagen und Testamentsvollstreckung angeordnet werden, wenn eine Person besonders daf\u00fcr bevollm\u00e4chtigt werden soll, die Erbauseinandersetzung durchzuf\u00fchren, um Streit zwischen den Miterben zu vermeiden. Da bei letztwilligen Verf\u00fcgungen auch oft das Pflichtteilsrecht von Kindern oder Eltern tangiert wird, gab der Referent hier entsprechende Tipps, wie derartige Pflichtteile zumindest durch entsprechende lebzeitige oder letztwillige Verf\u00fcgungen minimiert werden k\u00f6nnen.<\/p>\n<p>Der Vortrag endete dann mit einer interessanten Fragestunde. Es wurde deutlich, dass das Thema Erbrecht immer gro\u00dfes Interesse findet. Andererseits gab Herr Dr.\u00c2\u00a0Gerhard Schlitt auch bekannt, dass aufgrund einer Umfrage nur jeder Vierte ein Testament errichtet und 3\/4 der Deutschen die Erbfolge dann doch eher dem Zufall \u00fcberlassen, was aber nicht sinnvoll ist.<\/p>\n<p>Er gab den Rat, dass jeder \u00fcber seine pers\u00f6nliche Situation nachdenken und m\u00f6glicherweise ein Testament errichten sollte, das geeignet ist, die Familienangeh\u00f6rigen abzusichern und Streit unter den Miterben zu vermeiden. Da bei der gesetzlichen Erbfolge regelm\u00e4\u00dfig eine Erbengemeinschaft eintritt, l\u00e4uft diese nicht selten auf eine Zerschlagung des Familienverm\u00f6gens hinaus.<\/p>\n<p>Vormerken: Vortragsveranstaltung zum Thema Behindertentestament und mehr (Wie hilfsbed\u00fcrftige Personen \u00fcber den Tod der Eltern hinaus absichern?) am Dienstag, 08.11.2016, 18.00 Uhr (Zitronenfalter, St.-Vinzenz-Stra\u00dfe 70, 36041 Fulda). Anmeldung: 0661 \u2013 1097 207 oder stiftung@antonius-fulda.de<\/p>\n","protected":false},"excerpt":{"rendered":"<div class=\"tmnf_excerpt\"><p>Am Dienstag, 11.10.2016, hat antonius \u2013 Netzwerk Mensch eine Vortragsveranstaltung unter dem Thema \u201eF\u00fcr den Fall der F\u00e4lle\u201c durchgef\u00fchrt. Das Interesse an diesen erbrechtlichen Themen war so gro\u00df, dass nicht alle Anmeldungen ber\u00fccksichtigt werden konnten. Ungeachtet dessen wird es eine Folgeveranstaltung am 08.11.2016 zu dem erbrechtlichen Thema \u201eBehindertentestament\u201c geben, \u00fcber die aber noch weitere Informationen &hellip;<\/p>\n<\/div>","protected":false},"author":1,"featured_media":156256,"comment_status":"closed","ping_status":"closed","sticky":false,"template":"","format":"standard","meta":{"footnotes":""},"categories":[1],"tags":[],"class_list":["post-156253","post","type-post","status-publish","format-standard","has-post-thumbnail","hentry","category-startseite"],"_links":{"self":[{"href":"https:\/\/www.fuldaernachrichten.de\/index.php?rest_route=\/wp\/v2\/posts\/156253","targetHints":{"allow":["GET"]}}],"collection":[{"href":"https:\/\/www.fuldaernachrichten.de\/index.php?rest_route=\/wp\/v2\/posts"}],"about":[{"href":"https:\/\/www.fuldaernachrichten.de\/index.php?rest_route=\/wp\/v2\/types\/post"}],"author":[{"embeddable":true,"href":"https:\/\/www.fuldaernachrichten.de\/index.php?rest_route=\/wp\/v2\/users\/1"}],"replies":[{"embeddable":true,"href":"https:\/\/www.fuldaernachrichten.de\/index.php?rest_route=%2Fwp%2Fv2%2Fcomments&post=156253"}],"version-history":[{"count":1,"href":"https:\/\/www.fuldaernachrichten.de\/index.php?rest_route=\/wp\/v2\/posts\/156253\/revisions"}],"predecessor-version":[{"id":156258,"href":"https:\/\/www.fuldaernachrichten.de\/index.php?rest_route=\/wp\/v2\/posts\/156253\/revisions\/156258"}],"wp:featuredmedia":[{"embeddable":true,"href":"https:\/\/www.fuldaernachrichten.de\/index.php?rest_route=\/wp\/v2\/media\/156256"}],"wp:attachment":[{"href":"https:\/\/www.fuldaernachrichten.de\/index.php?rest_route=%2Fwp%2Fv2%2Fmedia&parent=156253"}],"wp:term":[{"taxonomy":"category","embeddable":true,"href":"https:\/\/www.fuldaernachrichten.de\/index.php?rest_route=%2Fwp%2Fv2%2Fcategories&post=156253"},{"taxonomy":"post_tag","embeddable":true,"href":"https:\/\/www.fuldaernachrichten.de\/index.php?rest_route=%2Fwp%2Fv2%2Ftags&post=156253"}],"curies":[{"name":"wp","href":"https:\/\/api.w.org\/{rel}","templated":true}]}}