{"id":156248,"date":"2016-10-18T07:54:32","date_gmt":"2016-10-18T05:54:32","guid":{"rendered":"http:\/\/www.fuldaer-nachrichten.de\/?p=156248"},"modified":"2016-10-18T07:54:32","modified_gmt":"2016-10-18T05:54:32","slug":"bi-langebrueckenstrasse-14-stellt-ihre-offene-skizze-zur-gestaltung-des-areals-vor","status":"publish","type":"post","link":"https:\/\/www.fuldaernachrichten.de\/?p=156248","title":{"rendered":"\u201eBI Langebr\u00fcckenstrasse 14\u201c stellt ihre Offene Skizze zur Gestaltung des Areals vor"},"content":{"rendered":"<p>Unter reger Teilnahme stellte die \u201eB\u00fcrger*innen-Initiative Langebr\u00fcckenstrasse 14\u201c am Donnerstag, den 13. Oktober 2016 ihr \u201eOffenes Konzept\u201c zur Gestaltung des vor zwei Monaten an die Investoren Burg &amp; Geissend\u00f6rfer verkaufte Gel\u00e4nde in der Langebr\u00fcckenstrasse 14 vor. Unter den geladenen G\u00e4sten befanden sich auch Oberb\u00fcrgermeister Dr. Heiko Wingenfeld und der zuk\u00fcnftige Eigent\u00fcmer Christopher Burg in Begleitung von Christian Geissend\u00f6rfer sowie Vertreter der Stadtverordnetenfraktionen von B\u00fcndnis 90\/Die Gr\u00fcnen und Die Linke\/Offene Liste. Obwohl alle Stadtverordnetenfraktionen eingeladen wurden, sind Vertreter aus den Reihen der CDU, der SPD, der W\u00e4hlergemeinschaft CWE und der F.D.P. nicht erschienen.<\/p>\n<p>Nach der Begr\u00fc\u00dfung durch Matthias S\u00f6hlke aus dem Sprecher*innenkreis und der Darstellung der aktuellen Raumbelegung durch Martin von Mallinckrodt hatten Vertreter der zahlreichen Initiativen aus den Bereichen Kultur, Food und Nachhaltigkeit die Gelegenheit, sich und ihre T\u00e4tigkeit den geladenen G\u00e4sten vorzustellen. Doch vor allem die Offene Skizze, das Herzst\u00fcck des Abends, traf auf starkes Interesse der Anwesenden. Zeigte die BI doch, dass in der relativ kurzen Zeit von rund zwei Monaten seit Bekanntgabe des Verkaufes und Gr\u00fcndung der BI eine innovative Idee dar\u00fcber entwickelt werden konnte, wie der Standort zuk\u00fcnftig gestaltet werden k\u00f6nne. Als \u201eWestbr\u00fccke\u201c sieht das Konzept nicht nur die Erhaltung der jetzigen Initiativenlandschaft in den derzeit genutzten R\u00e4umen vor, sondern ist in Verbindung mit Caf\u00e9betrieb im \u201eFiletst\u00fcck\u201c und durch die Errichtung des Hostel \u201eBr\u00fcckenschlag\u201c auch f\u00fcr den zunehmenden Tourismus attraktiv, wie Elvira Schulenberg aus dem Sprecher*innenkreis anmerkte, die das Konzept den Anwesenden vorstellte. Hintergrund dieser Konzeptionierung ist der Blick auf das benachbarte Areal in der Weimarer Stra\u00dfe, an dem zunehmend mehr Touristen in Fernbussen, Wohnmobilen, Reisebussen und entlang des Radweges R1 ankommen. Hier st\u00f6\u00dft die BI auch auf das Interesse der Stadt, die gro\u00dfen Gestaltungsbedarf in diesem Gebiet sieht und noch auf die Aufnahme in das F\u00f6rderprogramm \u201eStadtumbau West\u201c hofft, \u00fcber die am 17. Oktober entschieden wird. Zudem werden von Seiten der BI hier auch Arbeitsstellen f\u00fcr Personen mit erh\u00f6htem F\u00f6rderbedarf gesehen und M\u00f6glichkeiten f\u00fcr kreatives Upcycling. Weiter schlie\u00dft die BI in ihrer Offenen Skizze auch einen Teilerhalt der Sheddach-Fabrikhallen und des Gartens mit ein und verschlie\u00dft sich dennoch nicht einer Wohnbebauung im hinteren Teil des Areals, die unweigerlich im Interesse der Investoren stehen wird. Doch im wesentlichen geht es der BI um den Erhalt und die Gestaltung rund um den Innenhof, der Dreh- und Angelpunkt der seit \u00fcber zwanzig Jahren andauernden Belegung durch nachhaltige Projekte unter dem Dach der AWO ist.<\/p>\n<p>Nach der Vorstellung der Offenen Skizze gab es noch anregende Gespr\u00e4che zwischen Investoren, Stadtverordneten und BI-Vertreter*innen, bei der auch Christopher Burg seine Aufgeschlossenheit f\u00fcr das Konzepte betonte. Auch OB Dr. Wingenfeld bedankte sich f\u00fcr die Einladung und signalisierte weitere Gespr\u00e4chsbereitschaft von Seiten der Stadt. Zum Abschied wurden den geladenen G\u00e4sten und den Vertretern der osthessischen Medien noch handgebundene Exemplare der Offenen Skizze \u00fcberreicht. F\u00fcr die musikalische Umrahmung sorgten Mitglieder der Trommelgruppe Djembe und das B\u00fcffet wurde von der \u201eK\u00fcche f\u00fcr alle\u201c hergerichtet. Zudem \u00fcbernahmen Mitglieder des Kino35 die Bewirtung.<\/p>\n<p><a href=\"http:\/\/www.fuldaer-nachrichten.de\/wp-content\/uploads\/2016\/10\/BI-L14-Konzept.pdf\">bi-l14-konzept<\/a><\/p>\n","protected":false},"excerpt":{"rendered":"<div class=\"tmnf_excerpt\"><p>Unter reger Teilnahme stellte die \u201eB\u00fcrger*innen-Initiative Langebr\u00fcckenstrasse 14\u201c am Donnerstag, den 13. Oktober 2016 ihr \u201eOffenes Konzept\u201c zur Gestaltung des vor zwei Monaten an die Investoren Burg &amp; Geissend\u00f6rfer verkaufte Gel\u00e4nde in der Langebr\u00fcckenstrasse 14 vor. Unter den geladenen G\u00e4sten befanden sich auch Oberb\u00fcrgermeister Dr. Heiko Wingenfeld und der zuk\u00fcnftige Eigent\u00fcmer Christopher Burg in Begleitung &hellip;<\/p>\n<\/div>","protected":false},"author":1,"featured_media":0,"comment_status":"closed","ping_status":"closed","sticky":false,"template":"","format":"standard","meta":{"footnotes":""},"categories":[1],"tags":[],"class_list":["post-156248","post","type-post","status-publish","format-standard","hentry","category-startseite"],"_links":{"self":[{"href":"https:\/\/www.fuldaernachrichten.de\/index.php?rest_route=\/wp\/v2\/posts\/156248","targetHints":{"allow":["GET"]}}],"collection":[{"href":"https:\/\/www.fuldaernachrichten.de\/index.php?rest_route=\/wp\/v2\/posts"}],"about":[{"href":"https:\/\/www.fuldaernachrichten.de\/index.php?rest_route=\/wp\/v2\/types\/post"}],"author":[{"embeddable":true,"href":"https:\/\/www.fuldaernachrichten.de\/index.php?rest_route=\/wp\/v2\/users\/1"}],"replies":[{"embeddable":true,"href":"https:\/\/www.fuldaernachrichten.de\/index.php?rest_route=%2Fwp%2Fv2%2Fcomments&post=156248"}],"version-history":[{"count":1,"href":"https:\/\/www.fuldaernachrichten.de\/index.php?rest_route=\/wp\/v2\/posts\/156248\/revisions"}],"predecessor-version":[{"id":156252,"href":"https:\/\/www.fuldaernachrichten.de\/index.php?rest_route=\/wp\/v2\/posts\/156248\/revisions\/156252"}],"wp:attachment":[{"href":"https:\/\/www.fuldaernachrichten.de\/index.php?rest_route=%2Fwp%2Fv2%2Fmedia&parent=156248"}],"wp:term":[{"taxonomy":"category","embeddable":true,"href":"https:\/\/www.fuldaernachrichten.de\/index.php?rest_route=%2Fwp%2Fv2%2Fcategories&post=156248"},{"taxonomy":"post_tag","embeddable":true,"href":"https:\/\/www.fuldaernachrichten.de\/index.php?rest_route=%2Fwp%2Fv2%2Ftags&post=156248"}],"curies":[{"name":"wp","href":"https:\/\/api.w.org\/{rel}","templated":true}]}}