{"id":156240,"date":"2016-10-18T07:53:14","date_gmt":"2016-10-18T05:53:14","guid":{"rendered":"http:\/\/www.fuldaer-nachrichten.de\/?p=156240"},"modified":"2016-10-18T07:53:14","modified_gmt":"2016-10-18T05:53:14","slug":"gottesdienst-und-festakt-schuelerschaft-lud-anschliessend-zum-tag-der-offenen-tuer","status":"publish","type":"post","link":"https:\/\/www.fuldaernachrichten.de\/?p=156240","title":{"rendered":"Gottesdienst und Festakt \u2013 Sch\u00fclerschaft lud anschlie\u00dfend zum Tag der Offenen T\u00fcr"},"content":{"rendered":"<p><a href=\"http:\/\/www.fuldaer-nachrichten.de\/wp-content\/uploads\/2016\/10\/zu-72-cs_40JahreAltenpflegeschule_Juch_Herbst_Diel_IMG_2522.jpg\"><img decoding=\"async\" class=\"alignleft size-thumbnail wp-image-156246\" src=\"http:\/\/www.fuldaer-nachrichten.de\/wp-content\/uploads\/2016\/10\/zu-72-cs_40JahreAltenpflegeschule_Juch_Herbst_Diel_IMG_2522-265x151.jpg\" alt=\"zu-72-cs_40jahrealtenpflegeschule_juch_herbst_diel_img_2522\" width=\"265\" height=\"151\" srcset=\"https:\/\/www.fuldaernachrichten.de\/wp-content\/uploads\/2016\/10\/zu-72-cs_40JahreAltenpflegeschule_Juch_Herbst_Diel_IMG_2522-265x151.jpg 265w, https:\/\/www.fuldaernachrichten.de\/wp-content\/uploads\/2016\/10\/zu-72-cs_40JahreAltenpflegeschule_Juch_Herbst_Diel_IMG_2522-768x437.jpg 768w, https:\/\/www.fuldaernachrichten.de\/wp-content\/uploads\/2016\/10\/zu-72-cs_40JahreAltenpflegeschule_Juch_Herbst_Diel_IMG_2522-600x341.jpg 600w, https:\/\/www.fuldaernachrichten.de\/wp-content\/uploads\/2016\/10\/zu-72-cs_40JahreAltenpflegeschule_Juch_Herbst_Diel_IMG_2522.jpg 900w\" sizes=\"(max-width: 265px) 100vw, 265px\" \/><\/a>Ein Festgottesdienst in der Kapelle des Caritas-Geb\u00e4udekomplexes am Standort Ratgarstra\u00dfe, den Generalvikar Prof. Dr. Gerhard Stanke und der Caritas-Aufsichtsrats\u00c2\u00advorsitzende Msgr. Elmar Gurk zelebrierten, war der Auftakt f\u00fcr die Feierlichkeiten zum 40-j\u00e4hrigen Bestehen der Caritas-Altenpflegeschule Fulda. Unter den geladenen G\u00e4sten waren u. a. auch B\u00fcrgermeister Dag Wehner, Kreisbeigeordneter Joachim Janshen sowie die Bundestagsabgeordneten Birgit K\u00f6mpel und Michael Brand, die in ihren Gru\u00dfworten die Wichtigkeit der Schule und ihrer Ausbildungsg\u00e4nge f\u00fcr die Region hervorhoben, die Bedeutung des Pflegeberufs unterstrichen, der Sch\u00fclerschaft Lob f\u00fcr ihr Engagement aussprachen sowie Schule und Dozenten-Team alles Gute f\u00fcr die Zukunft w\u00fcnschten. In seiner Predigt hatte Prof. Stanke aus theologischer Sicht ebenfalls die Bedeutung des Pflegeberufes thematisiert. Er betonte dabei, wie wichtig es sei, dass auf Hilfe angewiesene Senioren sich am Ende ihres Lebens in ihrer Schw\u00e4che genauso angenommen f\u00fchlen d\u00fcrfen wie Neugeborene und Kleinkinder zu Beginn des Lebens. Die Altenpflegekr\u00e4fte w\u00e4ren daher ganz wichtige St\u00fctzen dieser alten und gebrechlichen Menschen.<\/p>\n<p>Die Begr\u00fc\u00dfung beim Festakt hatte Di\u00f6zesan-Caritasdirektor Dr. Markus Juch vorgenommen. In einem von HR-Mitarbeiter Hermann Diel moderierten Gespr\u00e4ch stellte er anschlie\u00dfend gemeinsam mit Schulleiterin Dajana Herbst die Einrichtung vor und erl\u00e4uterte, welch wesentliche Bedeutung Altenhilfe im Gesamtangebot der Caritas-Dienste einnimmt. Hermann Diel f\u00fchrte anschlie\u00dfend weiter durch die Veranstaltung, deren Hauptbestandteil ein Festvortrag von Dr. Hanno Heil, dem Vorsitzenden des Verbandes der katholischen Altenhilfe, war. Heil sprach \u00fcber die Entwicklung der Pflege als gesellschaftlicher Aufgabe im Laufe der Geschichte und stellte auch Thesen auf, wie sich die Zukunft in Bezug auf die Bew\u00e4ltigung der Pflegeaufgaben gestalten k\u00f6nnte. Ein weiterer H\u00f6hepunkt war der Auftritt des K\u00f6lner Improvisationstheaters clamotta, bei dem der Pflegebegriff \u2013 sehr zur Erheiterung des Festpublikums \u2013 in sehr spezieller Weise ebenfalls von allen Seiten beleuchtet wurde.<\/p>\n<p>Zum Abschluss des Festaktes wurden als Gr\u00fcnderin der Schule und als erste Schulleiterin die unter den G\u00e4sten anwesenden Dr. Gertrude Haas-Scheuren sowie Schwester Gabrielis mit einem Blumenstrau\u00df geehrt. Zudem lud Dajana Herbst die Anwesenden ein, den anschlie\u00dfenden \u201eTag der offenen T\u00fcr\u201c zum Rundgang durch die Schulr\u00e4ume nutzen: Die Sch\u00fclerinnen\u00c2\u00a0 und Sch\u00fcler hatten daf\u00fcr an verschiedenen \u201eStationen\u201c Projekte vorbereitet, um den G\u00e4sten beispielsweise die Geschichte der Ausbildung am Standort Ratgarstra\u00dfe zu pr\u00e4sentieren oder ihnen auch alternative Heilmethoden nach den Rezepten der Hildegard von Bingen vorzustellen.<\/p>\n","protected":false},"excerpt":{"rendered":"<div class=\"tmnf_excerpt\"><p>Ein Festgottesdienst in der Kapelle des Caritas-Geb\u00e4udekomplexes am Standort Ratgarstra\u00dfe, den Generalvikar Prof. Dr. Gerhard Stanke und der Caritas-Aufsichtsrats\u00c2\u00advorsitzende Msgr. Elmar Gurk zelebrierten, war der Auftakt f\u00fcr die Feierlichkeiten zum 40-j\u00e4hrigen Bestehen der Caritas-Altenpflegeschule Fulda. Unter den geladenen G\u00e4sten waren u. a. auch B\u00fcrgermeister Dag Wehner, Kreisbeigeordneter Joachim Janshen sowie die Bundestagsabgeordneten Birgit K\u00f6mpel und &hellip;<\/p>\n<\/div>","protected":false},"author":1,"featured_media":156245,"comment_status":"closed","ping_status":"closed","sticky":false,"template":"","format":"standard","meta":{"footnotes":""},"categories":[1],"tags":[],"class_list":["post-156240","post","type-post","status-publish","format-standard","has-post-thumbnail","hentry","category-startseite"],"_links":{"self":[{"href":"https:\/\/www.fuldaernachrichten.de\/index.php?rest_route=\/wp\/v2\/posts\/156240","targetHints":{"allow":["GET"]}}],"collection":[{"href":"https:\/\/www.fuldaernachrichten.de\/index.php?rest_route=\/wp\/v2\/posts"}],"about":[{"href":"https:\/\/www.fuldaernachrichten.de\/index.php?rest_route=\/wp\/v2\/types\/post"}],"author":[{"embeddable":true,"href":"https:\/\/www.fuldaernachrichten.de\/index.php?rest_route=\/wp\/v2\/users\/1"}],"replies":[{"embeddable":true,"href":"https:\/\/www.fuldaernachrichten.de\/index.php?rest_route=%2Fwp%2Fv2%2Fcomments&post=156240"}],"version-history":[{"count":1,"href":"https:\/\/www.fuldaernachrichten.de\/index.php?rest_route=\/wp\/v2\/posts\/156240\/revisions"}],"predecessor-version":[{"id":156247,"href":"https:\/\/www.fuldaernachrichten.de\/index.php?rest_route=\/wp\/v2\/posts\/156240\/revisions\/156247"}],"wp:featuredmedia":[{"embeddable":true,"href":"https:\/\/www.fuldaernachrichten.de\/index.php?rest_route=\/wp\/v2\/media\/156245"}],"wp:attachment":[{"href":"https:\/\/www.fuldaernachrichten.de\/index.php?rest_route=%2Fwp%2Fv2%2Fmedia&parent=156240"}],"wp:term":[{"taxonomy":"category","embeddable":true,"href":"https:\/\/www.fuldaernachrichten.de\/index.php?rest_route=%2Fwp%2Fv2%2Fcategories&post=156240"},{"taxonomy":"post_tag","embeddable":true,"href":"https:\/\/www.fuldaernachrichten.de\/index.php?rest_route=%2Fwp%2Fv2%2Ftags&post=156240"}],"curies":[{"name":"wp","href":"https:\/\/api.w.org\/{rel}","templated":true}]}}