{"id":156238,"date":"2016-10-18T07:52:19","date_gmt":"2016-10-18T05:52:19","guid":{"rendered":"http:\/\/www.fuldaer-nachrichten.de\/?p=156238"},"modified":"2016-10-18T07:52:19","modified_gmt":"2016-10-18T05:52:19","slug":"bistum-fulda-leistet-30-000-euro-soforthilfe-fuer-haiti","status":"publish","type":"post","link":"https:\/\/www.fuldaernachrichten.de\/?p=156238","title":{"rendered":"Bistum Fulda leistet 30.000 Euro Soforthilfe f\u00fcr Haiti"},"content":{"rendered":"<p>Das Bistum Fulda hat aus seinem Katastrophenfonds 30.000 Euro als Soforthilfe zur Finanzierung von Hilfsma\u00dfnahmen f\u00fcr die Humanit\u00e4re Trag\u00f6die in Haiti zur Verf\u00fcgung gestellt. Der Betrag wurde an die Caritas in Freiburg \u00fcberwiesen. Mit der Geldhilfe soll ein Zeichen der Solidarit\u00e4t mit den Opfern des gewaltigen Wirbelsturms \u201eMatthew\u201c und ein Beitrag zur Linderung der Not geleistet werden. Die Lage der Menschen in Haiti d\u00fcrfe auch die Christen in Deutschland nicht teilnahmslos lassen, unterstreicht Bischof Heinz Josef Algermissen.<\/p>\n<p>Der Wirbelsturm &#8220;Matthew&#8221; ist der gewaltigste Wirbelsturm, der seit Jahrzehnten an der Ostk\u00fcste des amerikanischen Kontinents gew\u00fctet hat. Am schwersten traf er den S\u00fcdwesten Haitis, bevor er auf Kuba traf und schlie\u00dflich die S\u00fcdostk\u00fcste der Vereinigten Staaten hinaufzog. Besonders ben\u00f6tigt werden Hilfsg\u00fcter wie Nahrungsmittel, Hygieneartikel und Trinkwasser. Die Partner von Caritas international starten derzeit mit der Verteilung dieser Hilfsg\u00fcter. Ein Schwerpunkt liegt dabei auf der Verhinderung von Seuchen. Mit der Verteilung von Chlortabletten bekommen die Menschen die M\u00f6glichkeit, Wasser zu desinfizieren. Moskitonetze helfen ihnen dabei, die derzeit besonders zahlreichen Moskitos auf Abstand zu halten. Neben dieser akuten Nothilfe verteilen Partner der Caritas auch Saatgut an die Bauern, die oft alles verloren haben. Damit sie sich wieder eine Perspektive im Leben schaffen k\u00f6nnen.<\/p>\n","protected":false},"excerpt":{"rendered":"<div class=\"tmnf_excerpt\"><p>Das Bistum Fulda hat aus seinem Katastrophenfonds 30.000 Euro als Soforthilfe zur Finanzierung von Hilfsma\u00dfnahmen f\u00fcr die Humanit\u00e4re Trag\u00f6die in Haiti zur Verf\u00fcgung gestellt. Der Betrag wurde an die Caritas in Freiburg \u00fcberwiesen. Mit der Geldhilfe soll ein Zeichen der Solidarit\u00e4t mit den Opfern des gewaltigen Wirbelsturms \u201eMatthew\u201c und ein Beitrag zur Linderung der Not &hellip;<\/p>\n<\/div>","protected":false},"author":1,"featured_media":0,"comment_status":"closed","ping_status":"closed","sticky":false,"template":"","format":"standard","meta":{"footnotes":""},"categories":[1],"tags":[],"class_list":["post-156238","post","type-post","status-publish","format-standard","hentry","category-startseite"],"_links":{"self":[{"href":"https:\/\/www.fuldaernachrichten.de\/index.php?rest_route=\/wp\/v2\/posts\/156238","targetHints":{"allow":["GET"]}}],"collection":[{"href":"https:\/\/www.fuldaernachrichten.de\/index.php?rest_route=\/wp\/v2\/posts"}],"about":[{"href":"https:\/\/www.fuldaernachrichten.de\/index.php?rest_route=\/wp\/v2\/types\/post"}],"author":[{"embeddable":true,"href":"https:\/\/www.fuldaernachrichten.de\/index.php?rest_route=\/wp\/v2\/users\/1"}],"replies":[{"embeddable":true,"href":"https:\/\/www.fuldaernachrichten.de\/index.php?rest_route=%2Fwp%2Fv2%2Fcomments&post=156238"}],"version-history":[{"count":1,"href":"https:\/\/www.fuldaernachrichten.de\/index.php?rest_route=\/wp\/v2\/posts\/156238\/revisions"}],"predecessor-version":[{"id":156243,"href":"https:\/\/www.fuldaernachrichten.de\/index.php?rest_route=\/wp\/v2\/posts\/156238\/revisions\/156243"}],"wp:attachment":[{"href":"https:\/\/www.fuldaernachrichten.de\/index.php?rest_route=%2Fwp%2Fv2%2Fmedia&parent=156238"}],"wp:term":[{"taxonomy":"category","embeddable":true,"href":"https:\/\/www.fuldaernachrichten.de\/index.php?rest_route=%2Fwp%2Fv2%2Fcategories&post=156238"},{"taxonomy":"post_tag","embeddable":true,"href":"https:\/\/www.fuldaernachrichten.de\/index.php?rest_route=%2Fwp%2Fv2%2Ftags&post=156238"}],"curies":[{"name":"wp","href":"https:\/\/api.w.org\/{rel}","templated":true}]}}