{"id":156235,"date":"2016-10-18T07:51:48","date_gmt":"2016-10-18T05:51:48","guid":{"rendered":"http:\/\/www.fuldaer-nachrichten.de\/?p=156235"},"modified":"2016-10-18T07:51:48","modified_gmt":"2016-10-18T05:51:48","slug":"sportliche-realschueler-erlaufen-2-800-euro","status":"publish","type":"post","link":"https:\/\/www.fuldaernachrichten.de\/?p=156235","title":{"rendered":"Sportliche Realsch\u00fcler erlaufen 2 800 Euro"},"content":{"rendered":"<p>Diese Zahlen sprechen f\u00fcr sich und f\u00fcr die gute Kondition der Sch\u00fclerinnen und Sch\u00fcler der Privaten Realschule im Bildungsunternehmen Dr. Jordan: Mit 2535 Runden und umgerechnet 1014 Kilometern haben die Sch\u00fcler insgesamt 2.800 Euro \u201eerlaufen\u201c. Allj\u00e4hrlich ruft die Schulgemeinschaft zu einem Spendenlauf auf, der regelm\u00e4\u00dfig auf eine gro\u00dfe Resonanz trifft. Im Vorfeld organisieren sich die Jugendlichen &#8220;ihre&#8221; Sponsoren, meist aus dem Familienkreis, die pro gelaufener Runde einen vereinbarten Betrag zusichern. So ist es auch in diesem Jahr wieder gelungen, einen beachtlichen Spendenbetrag an Vera Erb von \u00c2\u00a0\u201eKleine Helden \u2013 Kinder- und Jugendhospiz Osthessen e.V.\u201c zu \u00fcbergeben. Der Verein unterst\u00fctzt und begleitet in vorbildlicher Weise Kinder und Jugendliche, die an lebensbedrohenden Krankheiten leiden. Auch die Familien werden von den Mitarbeitern betreut. Larissa Martin, zust\u00e4ndig f\u00fcr p\u00e4dagogische Organisation und Sch\u00fclermanagement: &#8220;Es ist f\u00fcr uns eine gro\u00dfe Freude, auf der einen Seite die Kinder und Jugendlichen f\u00fcr diesen Lauf zu begeistern und andererseits durch diese sportliche Aktivit\u00e4t Hilfe leisten zu k\u00f6nnen.&#8221;<\/p>\n<p>BU: Insgesamt 1014 Kilometer f\u00fcr den guten Zweck gelaufen: die Sch\u00fcler der Privaten Realschule im Bildungsunternehmen Dr. Jordan mit Organisatorin Larissa Martin\u00c2\u00a0 (8. v. l.) und Vera Erb (7. v. l.) von den &#8220;Kleinen Helden&#8221;.<\/p>\n","protected":false},"excerpt":{"rendered":"<div class=\"tmnf_excerpt\"><p>Diese Zahlen sprechen f\u00fcr sich und f\u00fcr die gute Kondition der Sch\u00fclerinnen und Sch\u00fcler der Privaten Realschule im Bildungsunternehmen Dr. Jordan: Mit 2535 Runden und umgerechnet 1014 Kilometern haben die Sch\u00fcler insgesamt 2.800 Euro \u201eerlaufen\u201c. Allj\u00e4hrlich ruft die Schulgemeinschaft zu einem Spendenlauf auf, der regelm\u00e4\u00dfig auf eine gro\u00dfe Resonanz trifft. Im Vorfeld organisieren sich die &hellip;<\/p>\n<\/div>","protected":false},"author":1,"featured_media":156241,"comment_status":"closed","ping_status":"closed","sticky":false,"template":"","format":"standard","meta":{"footnotes":""},"categories":[1],"tags":[],"class_list":["post-156235","post","type-post","status-publish","format-standard","has-post-thumbnail","hentry","category-startseite"],"_links":{"self":[{"href":"https:\/\/www.fuldaernachrichten.de\/index.php?rest_route=\/wp\/v2\/posts\/156235","targetHints":{"allow":["GET"]}}],"collection":[{"href":"https:\/\/www.fuldaernachrichten.de\/index.php?rest_route=\/wp\/v2\/posts"}],"about":[{"href":"https:\/\/www.fuldaernachrichten.de\/index.php?rest_route=\/wp\/v2\/types\/post"}],"author":[{"embeddable":true,"href":"https:\/\/www.fuldaernachrichten.de\/index.php?rest_route=\/wp\/v2\/users\/1"}],"replies":[{"embeddable":true,"href":"https:\/\/www.fuldaernachrichten.de\/index.php?rest_route=%2Fwp%2Fv2%2Fcomments&post=156235"}],"version-history":[{"count":1,"href":"https:\/\/www.fuldaernachrichten.de\/index.php?rest_route=\/wp\/v2\/posts\/156235\/revisions"}],"predecessor-version":[{"id":156242,"href":"https:\/\/www.fuldaernachrichten.de\/index.php?rest_route=\/wp\/v2\/posts\/156235\/revisions\/156242"}],"wp:featuredmedia":[{"embeddable":true,"href":"https:\/\/www.fuldaernachrichten.de\/index.php?rest_route=\/wp\/v2\/media\/156241"}],"wp:attachment":[{"href":"https:\/\/www.fuldaernachrichten.de\/index.php?rest_route=%2Fwp%2Fv2%2Fmedia&parent=156235"}],"wp:term":[{"taxonomy":"category","embeddable":true,"href":"https:\/\/www.fuldaernachrichten.de\/index.php?rest_route=%2Fwp%2Fv2%2Fcategories&post=156235"},{"taxonomy":"post_tag","embeddable":true,"href":"https:\/\/www.fuldaernachrichten.de\/index.php?rest_route=%2Fwp%2Fv2%2Ftags&post=156235"}],"curies":[{"name":"wp","href":"https:\/\/api.w.org\/{rel}","templated":true}]}}