{"id":156227,"date":"2016-10-18T07:50:01","date_gmt":"2016-10-18T05:50:01","guid":{"rendered":"http:\/\/www.fuldaer-nachrichten.de\/?p=156227"},"modified":"2016-10-18T07:50:01","modified_gmt":"2016-10-18T05:50:01","slug":"weinfest-mit-live-musik-und-edlen-tropfen-in-der-kulturscheune-eichenzell","status":"publish","type":"post","link":"https:\/\/www.fuldaernachrichten.de\/?p=156227","title":{"rendered":"Weinfest mit Live-Musik und edlen Tropfen in der Kulturscheune Eichenzell"},"content":{"rendered":"<p>Bei einem guten Schluck Wein lacht das Herz! In Kombination mit abwechslungsreicher Live-Musik und leckeren Schmankerln bietet das Weinfest der Gemeinde Eichenzell am Samstag, 29. Oktober um 20.00 Uhr die besten Voraussetzungen f\u00fcr einen genussvollen Abend in netter Gesellschaft.<\/p>\n<p>Der Veranstalter h\u00e4lt auch in diesem Jahr ein vielf\u00e4ltiges Sortiment erlesener Weine bereit. Wie auch im letzten Jahr ist im Eintrittspreis von 6,00 \u00e2\u201a\u00ac ein K\u00e4seteller enthalten.<\/p>\n<p>Musikalisch werden die G\u00e4ste von den vier erfahrenen Musikern der Egon-Kircher-Band unterhalten. Die Band pr\u00e4sentiert eine musikalische Zeitreise durch die letzten 50 Jahre, die sowohl zur Unterhaltung als auch zum Tanz einl\u00e4dt. Die Musiker ragen vor allem durch ihre Vielseitigkeit der Stilrichtungen und ihre locker-fr\u00f6hliche Vortragsweise heraus.<\/p>\n<p>Platzkarten f\u00fcr das Weinfest in der Kulturscheune Eichenzell sind bei der Gemeinde Eichenzell, Tel. 06659\/ 97943 im Vorverkauf f\u00fcr 6,00 \u00e2\u201a\u00ac und an der Abendkasse f\u00fcr 8,00 \u00e2\u201a\u00ac erh\u00e4ltlich (keine Erm\u00e4\u00dfigung).<\/p>\n","protected":false},"excerpt":{"rendered":"<div class=\"tmnf_excerpt\"><p>Bei einem guten Schluck Wein lacht das Herz! In Kombination mit abwechslungsreicher Live-Musik und leckeren Schmankerln bietet das Weinfest der Gemeinde Eichenzell am Samstag, 29. Oktober um 20.00 Uhr die besten Voraussetzungen f\u00fcr einen genussvollen Abend in netter Gesellschaft. Der Veranstalter h\u00e4lt auch in diesem Jahr ein vielf\u00e4ltiges Sortiment erlesener Weine bereit. Wie auch im &hellip;<\/p>\n<\/div>","protected":false},"author":1,"featured_media":156231,"comment_status":"closed","ping_status":"closed","sticky":false,"template":"","format":"standard","meta":{"footnotes":""},"categories":[1],"tags":[],"class_list":["post-156227","post","type-post","status-publish","format-standard","has-post-thumbnail","hentry","category-startseite"],"_links":{"self":[{"href":"https:\/\/www.fuldaernachrichten.de\/index.php?rest_route=\/wp\/v2\/posts\/156227","targetHints":{"allow":["GET"]}}],"collection":[{"href":"https:\/\/www.fuldaernachrichten.de\/index.php?rest_route=\/wp\/v2\/posts"}],"about":[{"href":"https:\/\/www.fuldaernachrichten.de\/index.php?rest_route=\/wp\/v2\/types\/post"}],"author":[{"embeddable":true,"href":"https:\/\/www.fuldaernachrichten.de\/index.php?rest_route=\/wp\/v2\/users\/1"}],"replies":[{"embeddable":true,"href":"https:\/\/www.fuldaernachrichten.de\/index.php?rest_route=%2Fwp%2Fv2%2Fcomments&post=156227"}],"version-history":[{"count":1,"href":"https:\/\/www.fuldaernachrichten.de\/index.php?rest_route=\/wp\/v2\/posts\/156227\/revisions"}],"predecessor-version":[{"id":156232,"href":"https:\/\/www.fuldaernachrichten.de\/index.php?rest_route=\/wp\/v2\/posts\/156227\/revisions\/156232"}],"wp:featuredmedia":[{"embeddable":true,"href":"https:\/\/www.fuldaernachrichten.de\/index.php?rest_route=\/wp\/v2\/media\/156231"}],"wp:attachment":[{"href":"https:\/\/www.fuldaernachrichten.de\/index.php?rest_route=%2Fwp%2Fv2%2Fmedia&parent=156227"}],"wp:term":[{"taxonomy":"category","embeddable":true,"href":"https:\/\/www.fuldaernachrichten.de\/index.php?rest_route=%2Fwp%2Fv2%2Fcategories&post=156227"},{"taxonomy":"post_tag","embeddable":true,"href":"https:\/\/www.fuldaernachrichten.de\/index.php?rest_route=%2Fwp%2Fv2%2Ftags&post=156227"}],"curies":[{"name":"wp","href":"https:\/\/api.w.org\/{rel}","templated":true}]}}