{"id":156223,"date":"2016-10-18T07:48:35","date_gmt":"2016-10-18T05:48:35","guid":{"rendered":"http:\/\/www.fuldaer-nachrichten.de\/?p=156223"},"modified":"2016-10-18T07:48:35","modified_gmt":"2016-10-18T05:48:35","slug":"campingtrends-2017-seitz-caravaning-praesentiert-neuheiten-auf-seiner-herbstmesse","status":"publish","type":"post","link":"https:\/\/www.fuldaernachrichten.de\/?p=156223","title":{"rendered":"Campingtrends 2017: Seitz Caravaning pr\u00e4sentiert Neuheiten auf seiner Herbstmesse"},"content":{"rendered":"<p>Ob Faltcaravan oder Luxusmobil \u2013 f\u00fcr den Urlaub auf den eigenen vier R\u00e4dern gibt es f\u00fcr jeden Geschmack und Geldbeutel das passende Gef\u00e4hrt. Die Trends der mobilen Freizeit f\u00fcr die Saison 2017 pr\u00e4sentierten rund 600 Aussteller in 12 Hallen auf dem diesj\u00e4hrigen Caravan Salon. Auch Seitz Caravaning, ein H\u00e4ndler, der InterCaravaning \u2013 Europas gr\u00f6\u00dfter Caravaning-Fachhandelskette \u2013 angeschlossen ist, war mit Modellen von Knaus auf der Messe vertreten. \u201eWir sind begeistert von dem Ergebnis der diesj\u00e4hrigen Messe\u201c, freut sich Johannes G\u00fcnther, Gesch\u00e4ftsf\u00fchrer von Seitz Caravaning. \u201eAuf dem Caravan Salon haben wir viele neue Kunden gewonnen, die Verkaufsbilanz ist durchweg positiv.\u201c Auf dem Caravan Salon nutzten die Besucher die Gelegenheit, sich die neuen Sondermodelle anzuschauen und das Wohngef\u00fchl bei einer Besichtigung im Fahrzeug direkt zu erleben. Denn Komfort liegt bei den Caravanern ebenso im Trend wie eine individuelle Ausstattung. F\u00fcr alle Fragen rund um die ausgestellten Modelle, standen die InterCaravaning-Fachverk\u00e4ufer des H\u00e4ndlers den interessierten Besuchern w\u00e4hrend der gesamten Messe mit ihrer Expertise zur Seite. \u201eDie Nachfrage auf Kundenseite war sehr gro\u00df\u201c, berichtet G\u00fcnther. \u201eDie K\u00e4ufer waren sehr interessiert und wussten oft genau was sie wollten. So konnten wir sie optimal beraten.\u201c<\/p>\n<p>Herbstmesse bei Seitz Caravaning<br \/>\nWer sich noch nicht f\u00fcr ein Modell entschieden hat, kann sich auf der Herbstmesse von Seitz Caravaning informieren. Am 22. und 23. Oktober, jeweils von 10 bis 17 Uhr, k\u00f6nnen sich die Interessenten auf der Messe des H\u00e4ndlers umschauen, sich beraten lassen und die Vorz\u00fcge der verschiedenen Modelle direkt vergleichen.. \u201eWir freuen uns besonders, unseren Besuchern die neuen Modelle \u2013 frisch vom Caravan Salon \u2013 auf der Herbstmesse pr\u00e4sentieren zu k\u00f6nnen\u201c, so Johannes G\u00fcnther. Neben den Neuheiten runden die Fahrzeuge aus der letzten Saison das Angebot des InterCaravaning H\u00e4ndlers ab. Ein Besuch lohnt sich: Auf der Herbstmesse wartet das ein oder andere Angebot auf die Besucher. Interessenten finden alle Termine von Seitz Caravaning unter www.seitz-caravaning.de.<\/p>\n","protected":false},"excerpt":{"rendered":"<div class=\"tmnf_excerpt\"><p>Ob Faltcaravan oder Luxusmobil \u2013 f\u00fcr den Urlaub auf den eigenen vier R\u00e4dern gibt es f\u00fcr jeden Geschmack und Geldbeutel das passende Gef\u00e4hrt. Die Trends der mobilen Freizeit f\u00fcr die Saison 2017 pr\u00e4sentierten rund 600 Aussteller in 12 Hallen auf dem diesj\u00e4hrigen Caravan Salon. Auch Seitz Caravaning, ein H\u00e4ndler, der InterCaravaning \u2013 Europas gr\u00f6\u00dfter Caravaning-Fachhandelskette &hellip;<\/p>\n<\/div>","protected":false},"author":1,"featured_media":0,"comment_status":"closed","ping_status":"closed","sticky":false,"template":"","format":"standard","meta":{"footnotes":""},"categories":[1],"tags":[],"class_list":["post-156223","post","type-post","status-publish","format-standard","hentry","category-startseite"],"_links":{"self":[{"href":"https:\/\/www.fuldaernachrichten.de\/index.php?rest_route=\/wp\/v2\/posts\/156223","targetHints":{"allow":["GET"]}}],"collection":[{"href":"https:\/\/www.fuldaernachrichten.de\/index.php?rest_route=\/wp\/v2\/posts"}],"about":[{"href":"https:\/\/www.fuldaernachrichten.de\/index.php?rest_route=\/wp\/v2\/types\/post"}],"author":[{"embeddable":true,"href":"https:\/\/www.fuldaernachrichten.de\/index.php?rest_route=\/wp\/v2\/users\/1"}],"replies":[{"embeddable":true,"href":"https:\/\/www.fuldaernachrichten.de\/index.php?rest_route=%2Fwp%2Fv2%2Fcomments&post=156223"}],"version-history":[{"count":1,"href":"https:\/\/www.fuldaernachrichten.de\/index.php?rest_route=\/wp\/v2\/posts\/156223\/revisions"}],"predecessor-version":[{"id":156226,"href":"https:\/\/www.fuldaernachrichten.de\/index.php?rest_route=\/wp\/v2\/posts\/156223\/revisions\/156226"}],"wp:attachment":[{"href":"https:\/\/www.fuldaernachrichten.de\/index.php?rest_route=%2Fwp%2Fv2%2Fmedia&parent=156223"}],"wp:term":[{"taxonomy":"category","embeddable":true,"href":"https:\/\/www.fuldaernachrichten.de\/index.php?rest_route=%2Fwp%2Fv2%2Fcategories&post=156223"},{"taxonomy":"post_tag","embeddable":true,"href":"https:\/\/www.fuldaernachrichten.de\/index.php?rest_route=%2Fwp%2Fv2%2Ftags&post=156223"}],"curies":[{"name":"wp","href":"https:\/\/api.w.org\/{rel}","templated":true}]}}