{"id":156222,"date":"2016-10-18T07:49:38","date_gmt":"2016-10-18T05:49:38","guid":{"rendered":"http:\/\/www.fuldaer-nachrichten.de\/?p=156222"},"modified":"2016-10-18T07:49:38","modified_gmt":"2016-10-18T05:49:38","slug":"quartier-langebrueckenstrassehinterburg-im-stadtumbauprogramm","status":"publish","type":"post","link":"https:\/\/www.fuldaernachrichten.de\/?p=156222","title":{"rendered":"Quartier Langebr\u00fcckenstra\u00dfe\/Hinterburg im Stadtumbauprogramm"},"content":{"rendered":"<p>Mit gro\u00dfer Freude hat die Stadt Fulda die Aufnahme des Quartiers Langebr\u00fcckenstra\u00dfe\/Hinterburg in das Bund-\/L\u00e4nder-F\u00f6rderprogramm \u201eStadtumbau in Hessen\u201c aufgenommen. \u201eDieses Signal der Hessischen Landesregierung ist f\u00fcr uns Ansporn, vor dem Hintergrund der nun in Aussicht stehenden F\u00f6rderkulisse f\u00fcr das traditionsreiche Stadtareal eine neue st\u00e4dtebauliche Perspektive zu entwickeln, die im Sinne der dort Lebenden einen wirklich nachhaltigen Nutzen und Zugewinn an Lebens- und Wohnqualit\u00e4t entfaltet\u201c, sagte Fuldas Stadtbaurat Daniel Schreiner, der in Wiesbaden pers\u00f6nlich den Bescheid aus den H\u00e4nden von Hessens Umweltministerin Priska Hinz entgegennahm.<\/p>\n<p>F\u00fcr Fulda ist das F\u00f6rderprogramm \u201eStadtumbau in Hessen\u201c kein Neuland: Bereits von 2005 bis 2015 kam das Quartier \u201eS\u00fcdliche Innenstadt\u201c in den Genuss des Programms \u2013 besonders gelungene Projekte wie die Neugestaltung der Gr\u00fcnanlagen am Hirtsrain und am Alten St\u00e4dtischen Friedhof sowie die Wiederbelebung des ehemaligen Weisensee-Firmengel\u00e4ndes sowie die Schaffung eines gut angenommenen Quartiersplatzes zeugen von den attraktiven M\u00f6glichkeiten und der Dynamik, die ein solches Programm entfalten kann.<\/p>\n<p>F\u00fcr die jetzt erfolgreiche Bewerbung im Bereich Langer\u00fcckenstra\u00dfe\/Hinterburg hat das zust\u00e4ndige Stadtplanungsamt bereits einige Ideen formuliert, die nun f\u00fcr die n\u00f6tige Erstellung eines integrierten Entwicklungskonzepts unter Beteiligung der B\u00fcrgerinnen und B\u00fcrger konkretisiert werden sollen. Aus Sicht der Stadt ist im Stadtumbauquartier vor allem die Aktivierung von Baufl\u00e4chen f\u00fcr Wohnungsbau besonders wichtig, um dem steigenden Bedarf und der Nachfrage nach Wohnbaulandfl\u00e4chen in der Stadt auch weiterhin gerecht werden zu k\u00f6nnen. An etwa 50 Prozent der Wohn- und Gewerbegeb\u00e4uden besteht mittlerer bis hoher Instandsetzungs- und Modernisierungsbedarf. \u201eHier wollen wir mit Hilfe des Stadtumbauprogramms finanzielle Anreize geben f\u00fcr entsprechende Ma\u00dfnahmen \u2013 auch im Bereich der energetischen Sanierung\u201c, sagte Schreiner.<\/p>\n<p>Klimaschutz und Klimaanpassung spielen nach Neuauflage des Programms eine wichtige Rolle, um den Folgen des Klimawandels wie Trockenheits- und Hitzeperioden, Starkregenereignissen und Feinstaubbelastung entgegen zu wirken. In diesem Zusammenhang gelten unversiegelte und begr\u00fcnte Freir\u00e4ume in innerst\u00e4dtischen Lagen als besonders wirksame stadtklimatologische Einflussfaktoren. Erkl\u00e4rtes Ziel ist es, das Quartier Langebr\u00fcckenstra\u00dfe\/Hinterburg und damit den westlichen Eingangsbereich in die Stadt st\u00e4dtebaulich aufzuwerten. Dieser Bereich ist f\u00fcr die Stadt Fulda historisch, siedlungsgeschichtlich, denkmalpflegerisch und f\u00fcr die zuk\u00fcnftige Stadtentwicklung von gro\u00dfer Bedeutung.<\/p>\n<p>In der Vergangenheit waren verschiedene Vorst\u00f6\u00dfe der Stadt, dieses Gebiet in ein \u00f6ffentliches F\u00f6rderprogramm einzustellen, gescheitert. \u201eUmso gl\u00fccklicher sind wir, dass wir im ersten Anlauf nach Aufruf des Hess. Ministerium f\u00fcr Umwelt, Klimaschutz, Landwirtschaft und Verbraucherschutz im Herbst des Jahres 2015 bei der Neuauflage des Programms Stadtumbau mit unserer Bewerbung erfolgreich waren\u201c, kommentierte Stadtbaurat Schreiner.<\/p>\n<p>Hintergrund: Siedlungsgeschichtlich kann man den Bereich um die Hinterburg und die Langebr\u00fcckenstra\u00dfe als Keimzelle f\u00fcr die Entwicklung der b\u00fcrgerlichen Stadt betrachten, obwohl dieser Bereich als Vorstadt politisch unabh\u00e4ngig war und nicht der mittelalterlichen Stadt zugeordnet wurde. Noch vor der Gr\u00fcndung der Stadt gab es hier eine erste Ansiedlung. Der Bereich ist als Gesamtanlage nach dem Hessischen Denkmalschutzgesetz unter Schutz gestellt als typischer historischer Vorstadtbereich, an dessen Erhaltung ein besonderes \u00f6ffentliches Interesse besteht. Anhand der bis heute erhaltenen kleinteiligen mittelalterlichen Bebauung \u2013 unterbrochen durch gr\u00fcnderzeitliche Ersatzbauten und Neubauten aus den sp\u00e4teren Jahren des 20. Jahrhunderts \u2013 l\u00e4sst sich die Siedlungsgeschichte der Stadt bis heute nachverfolgen.<\/p>\n","protected":false},"excerpt":{"rendered":"<div class=\"tmnf_excerpt\"><p>Mit gro\u00dfer Freude hat die Stadt Fulda die Aufnahme des Quartiers Langebr\u00fcckenstra\u00dfe\/Hinterburg in das Bund-\/L\u00e4nder-F\u00f6rderprogramm \u201eStadtumbau in Hessen\u201c aufgenommen. \u201eDieses Signal der Hessischen Landesregierung ist f\u00fcr uns Ansporn, vor dem Hintergrund der nun in Aussicht stehenden F\u00f6rderkulisse f\u00fcr das traditionsreiche Stadtareal eine neue st\u00e4dtebauliche Perspektive zu entwickeln, die im Sinne der dort Lebenden einen wirklich &hellip;<\/p>\n<\/div>","protected":false},"author":1,"featured_media":156228,"comment_status":"closed","ping_status":"closed","sticky":false,"template":"","format":"standard","meta":{"footnotes":""},"categories":[1],"tags":[],"class_list":["post-156222","post","type-post","status-publish","format-standard","has-post-thumbnail","hentry","category-startseite"],"_links":{"self":[{"href":"https:\/\/www.fuldaernachrichten.de\/index.php?rest_route=\/wp\/v2\/posts\/156222","targetHints":{"allow":["GET"]}}],"collection":[{"href":"https:\/\/www.fuldaernachrichten.de\/index.php?rest_route=\/wp\/v2\/posts"}],"about":[{"href":"https:\/\/www.fuldaernachrichten.de\/index.php?rest_route=\/wp\/v2\/types\/post"}],"author":[{"embeddable":true,"href":"https:\/\/www.fuldaernachrichten.de\/index.php?rest_route=\/wp\/v2\/users\/1"}],"replies":[{"embeddable":true,"href":"https:\/\/www.fuldaernachrichten.de\/index.php?rest_route=%2Fwp%2Fv2%2Fcomments&post=156222"}],"version-history":[{"count":1,"href":"https:\/\/www.fuldaernachrichten.de\/index.php?rest_route=\/wp\/v2\/posts\/156222\/revisions"}],"predecessor-version":[{"id":156229,"href":"https:\/\/www.fuldaernachrichten.de\/index.php?rest_route=\/wp\/v2\/posts\/156222\/revisions\/156229"}],"wp:featuredmedia":[{"embeddable":true,"href":"https:\/\/www.fuldaernachrichten.de\/index.php?rest_route=\/wp\/v2\/media\/156228"}],"wp:attachment":[{"href":"https:\/\/www.fuldaernachrichten.de\/index.php?rest_route=%2Fwp%2Fv2%2Fmedia&parent=156222"}],"wp:term":[{"taxonomy":"category","embeddable":true,"href":"https:\/\/www.fuldaernachrichten.de\/index.php?rest_route=%2Fwp%2Fv2%2Fcategories&post=156222"},{"taxonomy":"post_tag","embeddable":true,"href":"https:\/\/www.fuldaernachrichten.de\/index.php?rest_route=%2Fwp%2Fv2%2Ftags&post=156222"}],"curies":[{"name":"wp","href":"https:\/\/api.w.org\/{rel}","templated":true}]}}