{"id":156221,"date":"2016-10-18T07:48:08","date_gmt":"2016-10-18T05:48:08","guid":{"rendered":"http:\/\/www.fuldaer-nachrichten.de\/?p=156221"},"modified":"2016-10-18T07:48:08","modified_gmt":"2016-10-18T05:48:08","slug":"bundestagswahl-2017-fuldaer-gruene-rufen-zur-urwahl-des-spitzenduos-auf","status":"publish","type":"post","link":"https:\/\/www.fuldaernachrichten.de\/?p=156221","title":{"rendered":"Bundestagswahl 2017 &#8211; Fuldaer Gr\u00fcne rufen zur Urwahl des Spitzenduos auf"},"content":{"rendered":"<p>Die GR\u00dcNEN wollen ihre Basis stark in den Wahlkampf f\u00fcr den Bundestag einbinden und rufen deshalb ihnen nahe stehende W\u00e4hlerinnen und W\u00e4hler, die noch nicht Parteimitglied sind, dazu auf, bei B\u00dcNDNIS 90\/DIE GR\u00dcNEN einzutreten. \u201eBei uns ist die Basis Boss. Das beginnt schon mit dem Spitzenduo f\u00fcr die Wahl 2017, \u00fcber das alle Mitglieder per Urwahl bestimmen k\u00f6nnen\u201c, sagt Ralf Zwengel, Sprecher des GR\u00dcNEN Kreisverbandes Fulda. \u201eNur bei den GR\u00dcNEN sind es die Mitglieder, die entscheiden, wer der Partei im Wahlkampf in erster Reihe Gesicht und Stimme gibt.\u201c<\/p>\n<p>\u201eAlle, die bis Dienstag, 1. November Parteimitglied werden, k\u00f6nnen das Spitzenduo mitw\u00e4hlen und das Bundestagswahlprogramm mitbestimmen\u201c, so Zwengel. \u201eIn vielen Initiativen und Gruppen engagieren sich Menschen, die wie die GR\u00dcNEN f\u00fcr eine bunte, vielf\u00e4ltige Gesellschaft, f\u00fcr \u00d6kologie, Gerechtigkeit und pers\u00f6nliche Freiheit arbeiten, aber bisher nicht Mitglied unserer Partei sind. Sie rufen wir auf, die Gelegenheit zu nutzen: Werdet Mitglied und entscheidet \u00fcber das Spitzenteam und die Politik der GR\u00dcNEN mit. GR\u00dcNE Mitglieder haben nicht nur die Wahl, sie SIND die Wahl.\u201c<\/p>\n<p>In allen Landesverb\u00e4nden stellen sich die Kandidatinnen und Kandidaten f\u00fcr das Spitzenteam bei Urwahlforen den Parteimitgliedern vor. Die Landesverb\u00e4nde Hessen und Rheinland-Pfalz veranstalten das bundesweit dritte dieser Foren gemeinsam am 5. November in Mainz. Die Stimmabgabe per Briefwahl beginnt Anfang Dezember und endet am Freitag, 13. Januar 2017.<\/p>\n<p>Die Beitrittserkl\u00e4rung gibt es zum Download unter http:\/\/gruenlink.de\/19si. Einfach ausdrucken, ausf\u00fcllen und an die Kreisgesch\u00e4ftsstelle schicken: B\u00fcndnis 90\/Die Gr\u00fcnen &lt;Kreisverband Fulda, Rabanusstr. 35, 36037 Fulda. Auch online ist der Beitritt m\u00f6glich unter http:\/\/gruenlink.de\/hv3.<\/p>\n<p>Das Urwahlforum am Samstag, 5. November 2016, beginnt um 10:30 Uhr in der Alten Lokhalle in Mainz, Mombacher Stra\u00dfe 78-80. Wer nicht live dabei sein kann, kann ab etwa 17 Uhr auf www.gruene-hessen.de das Video von der Vorstellung der der Kandidatinnen und Kandidaten sehen. Weitere Informationen zur Urwahl finden sich unter http:\/\/gruenlink.de\/199q<\/p>\n","protected":false},"excerpt":{"rendered":"<div class=\"tmnf_excerpt\"><p>Die GR\u00dcNEN wollen ihre Basis stark in den Wahlkampf f\u00fcr den Bundestag einbinden und rufen deshalb ihnen nahe stehende W\u00e4hlerinnen und W\u00e4hler, die noch nicht Parteimitglied sind, dazu auf, bei B\u00dcNDNIS 90\/DIE GR\u00dcNEN einzutreten. \u201eBei uns ist die Basis Boss. Das beginnt schon mit dem Spitzenduo f\u00fcr die Wahl 2017, \u00fcber das alle Mitglieder per &hellip;<\/p>\n<\/div>","protected":false},"author":1,"featured_media":0,"comment_status":"closed","ping_status":"closed","sticky":false,"template":"","format":"standard","meta":{"footnotes":""},"categories":[1],"tags":[],"class_list":["post-156221","post","type-post","status-publish","format-standard","hentry","category-startseite"],"_links":{"self":[{"href":"https:\/\/www.fuldaernachrichten.de\/index.php?rest_route=\/wp\/v2\/posts\/156221","targetHints":{"allow":["GET"]}}],"collection":[{"href":"https:\/\/www.fuldaernachrichten.de\/index.php?rest_route=\/wp\/v2\/posts"}],"about":[{"href":"https:\/\/www.fuldaernachrichten.de\/index.php?rest_route=\/wp\/v2\/types\/post"}],"author":[{"embeddable":true,"href":"https:\/\/www.fuldaernachrichten.de\/index.php?rest_route=\/wp\/v2\/users\/1"}],"replies":[{"embeddable":true,"href":"https:\/\/www.fuldaernachrichten.de\/index.php?rest_route=%2Fwp%2Fv2%2Fcomments&post=156221"}],"version-history":[{"count":1,"href":"https:\/\/www.fuldaernachrichten.de\/index.php?rest_route=\/wp\/v2\/posts\/156221\/revisions"}],"predecessor-version":[{"id":156225,"href":"https:\/\/www.fuldaernachrichten.de\/index.php?rest_route=\/wp\/v2\/posts\/156221\/revisions\/156225"}],"wp:attachment":[{"href":"https:\/\/www.fuldaernachrichten.de\/index.php?rest_route=%2Fwp%2Fv2%2Fmedia&parent=156221"}],"wp:term":[{"taxonomy":"category","embeddable":true,"href":"https:\/\/www.fuldaernachrichten.de\/index.php?rest_route=%2Fwp%2Fv2%2Fcategories&post=156221"},{"taxonomy":"post_tag","embeddable":true,"href":"https:\/\/www.fuldaernachrichten.de\/index.php?rest_route=%2Fwp%2Fv2%2Ftags&post=156221"}],"curies":[{"name":"wp","href":"https:\/\/api.w.org\/{rel}","templated":true}]}}