{"id":156212,"date":"2016-10-15T15:50:47","date_gmt":"2016-10-15T13:50:47","guid":{"rendered":"http:\/\/www.fuldaer-nachrichten.de\/?p=156212"},"modified":"2016-10-15T15:50:47","modified_gmt":"2016-10-15T13:50:47","slug":"joerg-blankenburg-philipp-adamiez-und-fabian-frank-sind-zu-kreisjugendfeuerwehrwarten-ernannt-worden-moderne-nachwuchsarbeit-gefragt","status":"publish","type":"post","link":"https:\/\/www.fuldaernachrichten.de\/?p=156212","title":{"rendered":"J\u00f6rg Blankenburg, Philipp Adamiez und Fabian Frank sind zu Kreisjugendfeuerwehrwarten ernannt worden \u2013 moderne Nachwuchsarbeit gefragt"},"content":{"rendered":"<p>\u201eOhne Kinder- und Jugendfeuerwehren gibt es sp\u00e4ter auch keine erwachsenen Feuerwehrleute \u2013 deshalb ist die Jugendarbeit und Nachwuchsf\u00f6rderung eine besonders wichtige Aufgabe, der Sie sich angenommen haben. Ich danke Ihnen f\u00fcr diesen ehrenamtlichen Einsatz und denke, dass Sie das richtige F\u00fchrungstrio f\u00fcr den Neuanfang sind.\u201c Landrat Manfred G\u00f6rig ernannte im Beisein von Kreisbrandmeister Stefan Preu\u00df und dem Leiter des Amtes f\u00fcr Aufsichts- und Ordnungsangelegenheiten Siegfried Simon J\u00f6rg Blankenburg aus Lauterbach zum Kreisjugendfeuerwehrwart. Seine beiden Stellvertreter sind Philipp Adamiez aus Schlitz und Fabian Frank aus Ulrichstein.<\/p>\n<p>Die drei Neuen sind \u201emit Herzblut\u201c dabei, wie Blankenburg sagt, und wollen auf neue Medien, neue Angebote und vor allem auf mehr Kommunikation setzen. \u201eIn der Vergangenheit hat das gefehlt und in der heutigen Zeit spielen Handy und WhatsApp eben eine Rolle\u201c, so Blankenburg weiter. Man habe bereits mit der Modernisierung der Homepage und einer Neuorganisation der Fachbereiche begonnen \u2013 auch in den Jugendfeuerwehren m\u00fcsse man sich dem anpassen, was heutzutage in der Jugendarbeit erwartet werde. Ganz wichtig wird auch sein, noch mehr M\u00e4dchen f\u00fcr die Feuerwehr zu begeistern: Zwar mache ihr Anteil schon jetzt rund ein Drittel aus, doch blieben im Erwachsenenalter zu wenig junge Frauen dabei \u2013 \u201eund warum sollten wir nicht mehr Feuerwehrfrauen haben? Frauen sind Polizistinnen oder bei der Bundeswehr, wir werden sie zuk\u00fcnftig immer mehr brauchen\u201c, ist sich das F\u00fchrungstrio einig.<\/p>\n","protected":false},"excerpt":{"rendered":"<div class=\"tmnf_excerpt\"><p>\u201eOhne Kinder- und Jugendfeuerwehren gibt es sp\u00e4ter auch keine erwachsenen Feuerwehrleute \u2013 deshalb ist die Jugendarbeit und Nachwuchsf\u00f6rderung eine besonders wichtige Aufgabe, der Sie sich angenommen haben. Ich danke Ihnen f\u00fcr diesen ehrenamtlichen Einsatz und denke, dass Sie das richtige F\u00fchrungstrio f\u00fcr den Neuanfang sind.\u201c Landrat Manfred G\u00f6rig ernannte im Beisein von Kreisbrandmeister Stefan Preu\u00df &hellip;<\/p>\n<\/div>","protected":false},"author":1,"featured_media":156218,"comment_status":"closed","ping_status":"closed","sticky":false,"template":"","format":"standard","meta":{"footnotes":""},"categories":[1],"tags":[],"class_list":["post-156212","post","type-post","status-publish","format-standard","has-post-thumbnail","hentry","category-startseite"],"_links":{"self":[{"href":"https:\/\/www.fuldaernachrichten.de\/index.php?rest_route=\/wp\/v2\/posts\/156212","targetHints":{"allow":["GET"]}}],"collection":[{"href":"https:\/\/www.fuldaernachrichten.de\/index.php?rest_route=\/wp\/v2\/posts"}],"about":[{"href":"https:\/\/www.fuldaernachrichten.de\/index.php?rest_route=\/wp\/v2\/types\/post"}],"author":[{"embeddable":true,"href":"https:\/\/www.fuldaernachrichten.de\/index.php?rest_route=\/wp\/v2\/users\/1"}],"replies":[{"embeddable":true,"href":"https:\/\/www.fuldaernachrichten.de\/index.php?rest_route=%2Fwp%2Fv2%2Fcomments&post=156212"}],"version-history":[{"count":2,"href":"https:\/\/www.fuldaernachrichten.de\/index.php?rest_route=\/wp\/v2\/posts\/156212\/revisions"}],"predecessor-version":[{"id":156220,"href":"https:\/\/www.fuldaernachrichten.de\/index.php?rest_route=\/wp\/v2\/posts\/156212\/revisions\/156220"}],"wp:featuredmedia":[{"embeddable":true,"href":"https:\/\/www.fuldaernachrichten.de\/index.php?rest_route=\/wp\/v2\/media\/156218"}],"wp:attachment":[{"href":"https:\/\/www.fuldaernachrichten.de\/index.php?rest_route=%2Fwp%2Fv2%2Fmedia&parent=156212"}],"wp:term":[{"taxonomy":"category","embeddable":true,"href":"https:\/\/www.fuldaernachrichten.de\/index.php?rest_route=%2Fwp%2Fv2%2Fcategories&post=156212"},{"taxonomy":"post_tag","embeddable":true,"href":"https:\/\/www.fuldaernachrichten.de\/index.php?rest_route=%2Fwp%2Fv2%2Ftags&post=156212"}],"curies":[{"name":"wp","href":"https:\/\/api.w.org\/{rel}","templated":true}]}}