{"id":156208,"date":"2016-10-15T15:50:22","date_gmt":"2016-10-15T13:50:22","guid":{"rendered":"http:\/\/www.fuldaer-nachrichten.de\/?p=156208"},"modified":"2016-10-15T15:50:22","modified_gmt":"2016-10-15T13:50:22","slug":"umweltkommissar-aus-namibia-besucht-rhoen","status":"publish","type":"post","link":"https:\/\/www.fuldaernachrichten.de\/?p=156208","title":{"rendered":"Umweltkommissar aus Namibia besucht Rh\u00f6n"},"content":{"rendered":"<p>Das Biosph\u00e4renreservat konnte am vergangenen Dienstag einen au\u00dfergew\u00f6hnlichen Gast auf der Wasserkuppe begr\u00fc\u00dfen. Auf der Durchreise besuchte der Umweltkommissar vom Ministerium f\u00fcr Umweltschutz und Tourismus der Republik Namibia, Teofilus Nghitila, die Rh\u00f6n, um sich \u00fcber das Pr\u00e4dikat \u201eUNESCO-Biosph\u00e4renreservat\u201c zu informieren. Vermittelt wurde das Gespr\u00e4ch durch Albert Engel von der Deutschen Gesellschaft f\u00fcr Internationale Zusammenarbeit (GIZ).<\/p>\n<p>Martin Kremer vom Biosph\u00e4renreservat hatte die M\u00f6glichkeit, \u00fcber die Entstehung und den besonderen, an der Nachhaltigkeit orientierten Ansatz des Biosph\u00e4renreservats zu informieren. Dabei legte er Wert darauf, dass die breite Einbindung der Bev\u00f6lkerung und die St\u00e4rkung der regionalen Wertsch\u00f6pfung wichtige Erfolgsfaktoren f\u00fcr Biosph\u00e4renreservate sind.<\/p>\n<p>Weltweit gibt es derzeit 650 Biosph\u00e4renreservate verteilt \u00fcber 120 Staaten der Erde, allerdings bislang noch keines in Namibia. Zwar wurden in Namibia eine Reihe von beeindruckenden Nationalparks, K\u00fcsten- und W\u00fcstenschutzgebiete gro\u00dffl\u00e4chig ausgewiesen, das internationale Pr\u00e4dikat Biosph\u00e4renreservat ist allerdings noch weitgehend unbekannt.<\/p>\n<p>Dem afrikanischen Besucher ging es daher sehr darum, St\u00e4rken und Schw\u00e4chen sowie Chancen eines Biosph\u00e4renreservats kennen zu lernen. In diesem Zusammenhang informierte Kremer \u00fcber Auftrag und Aufgaben von Biosph\u00e4renreservaten und verdeutlichte diese an konkreten Beispielen wie der Arbeit der Ranger oder der Rh\u00f6ner Apfelinitiative.<\/p>\n<p>Besonderes Interesse fand auch die Auszeichnung der Rh\u00f6n als international anerkannter Sternenpark. Da Namibia mit seinen W\u00fcstenregionen \u00fcber Landstriche verf\u00fcgt, die noch \u00fcber eine gro\u00dfe nat\u00fcrliche n\u00e4chtliche Dunkelheit verf\u00fcgen, erschien der Besucher auch von dieser Option beeindruckt.<\/p>\n","protected":false},"excerpt":{"rendered":"<div class=\"tmnf_excerpt\"><p>Das Biosph\u00e4renreservat konnte am vergangenen Dienstag einen au\u00dfergew\u00f6hnlichen Gast auf der Wasserkuppe begr\u00fc\u00dfen. Auf der Durchreise besuchte der Umweltkommissar vom Ministerium f\u00fcr Umweltschutz und Tourismus der Republik Namibia, Teofilus Nghitila, die Rh\u00f6n, um sich \u00fcber das Pr\u00e4dikat \u201eUNESCO-Biosph\u00e4renreservat\u201c zu informieren. Vermittelt wurde das Gespr\u00e4ch durch Albert Engel von der Deutschen Gesellschaft f\u00fcr Internationale Zusammenarbeit (GIZ). &hellip;<\/p>\n<\/div>","protected":false},"author":1,"featured_media":156216,"comment_status":"closed","ping_status":"closed","sticky":false,"template":"","format":"standard","meta":{"footnotes":""},"categories":[1],"tags":[],"class_list":["post-156208","post","type-post","status-publish","format-standard","has-post-thumbnail","hentry","category-startseite"],"_links":{"self":[{"href":"https:\/\/www.fuldaernachrichten.de\/index.php?rest_route=\/wp\/v2\/posts\/156208","targetHints":{"allow":["GET"]}}],"collection":[{"href":"https:\/\/www.fuldaernachrichten.de\/index.php?rest_route=\/wp\/v2\/posts"}],"about":[{"href":"https:\/\/www.fuldaernachrichten.de\/index.php?rest_route=\/wp\/v2\/types\/post"}],"author":[{"embeddable":true,"href":"https:\/\/www.fuldaernachrichten.de\/index.php?rest_route=\/wp\/v2\/users\/1"}],"replies":[{"embeddable":true,"href":"https:\/\/www.fuldaernachrichten.de\/index.php?rest_route=%2Fwp%2Fv2%2Fcomments&post=156208"}],"version-history":[{"count":1,"href":"https:\/\/www.fuldaernachrichten.de\/index.php?rest_route=\/wp\/v2\/posts\/156208\/revisions"}],"predecessor-version":[{"id":156217,"href":"https:\/\/www.fuldaernachrichten.de\/index.php?rest_route=\/wp\/v2\/posts\/156208\/revisions\/156217"}],"wp:featuredmedia":[{"embeddable":true,"href":"https:\/\/www.fuldaernachrichten.de\/index.php?rest_route=\/wp\/v2\/media\/156216"}],"wp:attachment":[{"href":"https:\/\/www.fuldaernachrichten.de\/index.php?rest_route=%2Fwp%2Fv2%2Fmedia&parent=156208"}],"wp:term":[{"taxonomy":"category","embeddable":true,"href":"https:\/\/www.fuldaernachrichten.de\/index.php?rest_route=%2Fwp%2Fv2%2Fcategories&post=156208"},{"taxonomy":"post_tag","embeddable":true,"href":"https:\/\/www.fuldaernachrichten.de\/index.php?rest_route=%2Fwp%2Fv2%2Ftags&post=156208"}],"curies":[{"name":"wp","href":"https:\/\/api.w.org\/{rel}","templated":true}]}}