{"id":156186,"date":"2016-10-15T15:42:56","date_gmt":"2016-10-15T13:42:56","guid":{"rendered":"http:\/\/www.fuldaer-nachrichten.de\/?p=156186"},"modified":"2016-10-15T15:42:56","modified_gmt":"2016-10-15T13:42:56","slug":"fluechtlinge-besuchten-pferdehof-im-fliedetal","status":"publish","type":"post","link":"https:\/\/www.fuldaernachrichten.de\/?p=156186","title":{"rendered":"Fl\u00fcchtlinge besuchten Pferdehof im Fliedetal"},"content":{"rendered":"<p>Auf Einladung von Britta und Gerd M\u00fclle besuchten 18 Fl\u00fcchtlinge der Gemeinde Flieden den Pferdehof im Fliedetal. Die Fl\u00fcchtlingsfamilien waren durch die ehrenamtlichen Malteser Integrationslotsen eingeladen worden und freuten sich sehr \u00fcber diesen interessanten Ausflug, die Kinder waren nur schwer zum Heimweg zu bewegen.<\/p>\n<p><a href=\"http:\/\/www.fuldaer-nachrichten.de\/wp-content\/uploads\/2016\/10\/IMG_8200.jpg\"><img decoding=\"async\" class=\"alignleft size-thumbnail wp-image-156190\" src=\"http:\/\/www.fuldaer-nachrichten.de\/wp-content\/uploads\/2016\/10\/IMG_8200-265x177.jpg\" alt=\"img_8200\" width=\"265\" height=\"177\" srcset=\"https:\/\/www.fuldaernachrichten.de\/wp-content\/uploads\/2016\/10\/IMG_8200-265x177.jpg 265w, https:\/\/www.fuldaernachrichten.de\/wp-content\/uploads\/2016\/10\/IMG_8200-768x512.jpg 768w, https:\/\/www.fuldaernachrichten.de\/wp-content\/uploads\/2016\/10\/IMG_8200-600x400.jpg 600w, https:\/\/www.fuldaernachrichten.de\/wp-content\/uploads\/2016\/10\/IMG_8200.jpg 900w\" sizes=\"(max-width: 265px) 100vw, 265px\" \/><\/a>Gerd M\u00fclle war ehrenamtlicher Helfer der jetzt geschlossenen Notunterkunft Flieden, er engagiert sich nun in der Gemeinschaftsunterkunft R\u00fcckers f\u00fcr gefl\u00fcchtete Menschen. Auf seine Anregung war der Ausflug zustande gekommen. Die Besucher erfuhren, dass die Pferde\u00c2\u00a0 auf dem Hof Paso Finos sind, eine s\u00fcdamerikanische Rasse mit Stockma\u00df (Schulterh\u00f6he) von 1,40 bis 1,55 cm\u00c2\u00a0 und dass sie eine genetisch veranlagte spezielle Gangart,\u00c2\u00a0 den \u201eT\u00f6lt\u201c, \u00e4hnlich den isl\u00e4ndischen Ponys, besitzen. Die Trainer f\u00fchrten in der Reithalle verschiedene \u00dcbungen und Gangarten vor, wie sie auch auf den gro\u00dfen Turnieren vorgestellt werden. Als besonderes Highlight gab es ein Pferde-Reiter-\u201eFu\u00dfballspiel\u201c.<\/p>\n<p>Paso Finos sind sehr temperamentvolle Pferde, deshalb blieb es beim Streicheln der Pferde und dem F\u00fcttern mit Heu. Die beiden Hunde Paula und Fine machten den Kindern und einigen Erwachsenen zun\u00e4chst etwas Angst, aber als die ersten Hemmungen \u00fcberwunden waren, gab es f\u00fcr die Kinder kein Halten mehr. Die beiden sehr geduldigen Hunde lie\u00dfen alles mit sich geschehen.<\/p>\n<p>Zum Abschluss gab es in dem sch\u00f6nen und ger\u00e4umigen Stall ein gemeinsames Verspeisen der mitgebrachten K\u00f6stlichkeiten. Die Frauen hatten afghanisches \u201eGusch Fill\u201c, deutschen Nusskuchen, syrisches Fataer und Ras al Abed\u00c2\u00a0 vorbereitet und mitgebracht. Der Kaffee und Tee von Britta M\u00fclle schmeckte wunderbar dazu. Waltraud Born, die Koordinatoren der Malteser-Integrationslotsen, dankte dem Ehepaar M\u00fclle und deren Helfern f\u00fcr den unterhaltsamen Nachmittag.<\/p>\n","protected":false},"excerpt":{"rendered":"<div class=\"tmnf_excerpt\"><p>Auf Einladung von Britta und Gerd M\u00fclle besuchten 18 Fl\u00fcchtlinge der Gemeinde Flieden den Pferdehof im Fliedetal. Die Fl\u00fcchtlingsfamilien waren durch die ehrenamtlichen Malteser Integrationslotsen eingeladen worden und freuten sich sehr \u00fcber diesen interessanten Ausflug, die Kinder waren nur schwer zum Heimweg zu bewegen. Gerd M\u00fclle war ehrenamtlicher Helfer der jetzt geschlossenen Notunterkunft Flieden, er &hellip;<\/p>\n<\/div>","protected":false},"author":1,"featured_media":156189,"comment_status":"closed","ping_status":"closed","sticky":false,"template":"","format":"standard","meta":{"footnotes":""},"categories":[1],"tags":[],"class_list":["post-156186","post","type-post","status-publish","format-standard","has-post-thumbnail","hentry","category-startseite"],"_links":{"self":[{"href":"https:\/\/www.fuldaernachrichten.de\/index.php?rest_route=\/wp\/v2\/posts\/156186","targetHints":{"allow":["GET"]}}],"collection":[{"href":"https:\/\/www.fuldaernachrichten.de\/index.php?rest_route=\/wp\/v2\/posts"}],"about":[{"href":"https:\/\/www.fuldaernachrichten.de\/index.php?rest_route=\/wp\/v2\/types\/post"}],"author":[{"embeddable":true,"href":"https:\/\/www.fuldaernachrichten.de\/index.php?rest_route=\/wp\/v2\/users\/1"}],"replies":[{"embeddable":true,"href":"https:\/\/www.fuldaernachrichten.de\/index.php?rest_route=%2Fwp%2Fv2%2Fcomments&post=156186"}],"version-history":[{"count":1,"href":"https:\/\/www.fuldaernachrichten.de\/index.php?rest_route=\/wp\/v2\/posts\/156186\/revisions"}],"predecessor-version":[{"id":156191,"href":"https:\/\/www.fuldaernachrichten.de\/index.php?rest_route=\/wp\/v2\/posts\/156186\/revisions\/156191"}],"wp:featuredmedia":[{"embeddable":true,"href":"https:\/\/www.fuldaernachrichten.de\/index.php?rest_route=\/wp\/v2\/media\/156189"}],"wp:attachment":[{"href":"https:\/\/www.fuldaernachrichten.de\/index.php?rest_route=%2Fwp%2Fv2%2Fmedia&parent=156186"}],"wp:term":[{"taxonomy":"category","embeddable":true,"href":"https:\/\/www.fuldaernachrichten.de\/index.php?rest_route=%2Fwp%2Fv2%2Fcategories&post=156186"},{"taxonomy":"post_tag","embeddable":true,"href":"https:\/\/www.fuldaernachrichten.de\/index.php?rest_route=%2Fwp%2Fv2%2Ftags&post=156186"}],"curies":[{"name":"wp","href":"https:\/\/api.w.org\/{rel}","templated":true}]}}