{"id":156184,"date":"2016-10-15T15:39:02","date_gmt":"2016-10-15T13:39:02","guid":{"rendered":"http:\/\/www.fuldaer-nachrichten.de\/?p=156184"},"modified":"2016-10-15T15:42:01","modified_gmt":"2016-10-15T13:42:01","slug":"alt-und-jung-pflanzen-gemeinsam-krokusse-am-wohnstift","status":"publish","type":"post","link":"https:\/\/www.fuldaernachrichten.de\/?p=156184","title":{"rendered":"Alt und Jung pflanzen gemeinsam Krokusse am Wohnstift"},"content":{"rendered":"<p>Gemeinsam mit sechs Stiftsbewohnern pflanzten 13 Sch\u00fclerinnen und Sch\u00fcler der Domschule Fulda unter Leitung von Lehrerin Denise Opper 200 Krokuszwiebeln vor dem Wohnstift Mediana in der Friedensstra\u00dfe in Fulda. Einrichtungsleiterin Michaela Heller hatte die Idee dazu, die bestehende Kooperation mit der Schule daf\u00fcr zu nutzen, dass mit der Pflanzung jetzt im Herbst, die Krokusse als erste bl\u00fchende Boten nach langen Wintermonaten das herannahende Fr\u00fchjahr begr\u00fc\u00dfen sollen. Da viele Stiftsbewohner diese Arbeit nicht mehr alleine verrichten k\u00f6nnen, war die Unterst\u00fctzung der Sch\u00fcler sehr willkommen. F\u00fcr die jungen Menschen wie auch f\u00fcr die Senioren war die gemeinsame Arbeit mit der jeweils anderen Generation eine weitere sch\u00f6ne Erfahrung und Gelegenheit, das Verst\u00e4ndnis zwischen Jung und Alt zu verbessern.<\/p>\n","protected":false},"excerpt":{"rendered":"<div class=\"tmnf_excerpt\"><p>Gemeinsam mit sechs Stiftsbewohnern pflanzten 13 Sch\u00fclerinnen und Sch\u00fcler der Domschule Fulda unter Leitung von Lehrerin Denise Opper 200 Krokuszwiebeln vor dem Wohnstift Mediana in der Friedensstra\u00dfe in Fulda. Einrichtungsleiterin Michaela Heller hatte die Idee dazu, die bestehende Kooperation mit der Schule daf\u00fcr zu nutzen, dass mit der Pflanzung jetzt im Herbst, die Krokusse als &hellip;<\/p>\n<\/div>","protected":false},"author":1,"featured_media":156188,"comment_status":"closed","ping_status":"closed","sticky":false,"template":"","format":"standard","meta":{"footnotes":""},"categories":[1],"tags":[],"class_list":["post-156184","post","type-post","status-publish","format-standard","has-post-thumbnail","hentry","category-startseite"],"_links":{"self":[{"href":"https:\/\/www.fuldaernachrichten.de\/index.php?rest_route=\/wp\/v2\/posts\/156184","targetHints":{"allow":["GET"]}}],"collection":[{"href":"https:\/\/www.fuldaernachrichten.de\/index.php?rest_route=\/wp\/v2\/posts"}],"about":[{"href":"https:\/\/www.fuldaernachrichten.de\/index.php?rest_route=\/wp\/v2\/types\/post"}],"author":[{"embeddable":true,"href":"https:\/\/www.fuldaernachrichten.de\/index.php?rest_route=\/wp\/v2\/users\/1"}],"replies":[{"embeddable":true,"href":"https:\/\/www.fuldaernachrichten.de\/index.php?rest_route=%2Fwp%2Fv2%2Fcomments&post=156184"}],"version-history":[{"count":1,"href":"https:\/\/www.fuldaernachrichten.de\/index.php?rest_route=\/wp\/v2\/posts\/156184\/revisions"}],"predecessor-version":[{"id":156187,"href":"https:\/\/www.fuldaernachrichten.de\/index.php?rest_route=\/wp\/v2\/posts\/156184\/revisions\/156187"}],"wp:featuredmedia":[{"embeddable":true,"href":"https:\/\/www.fuldaernachrichten.de\/index.php?rest_route=\/wp\/v2\/media\/156188"}],"wp:attachment":[{"href":"https:\/\/www.fuldaernachrichten.de\/index.php?rest_route=%2Fwp%2Fv2%2Fmedia&parent=156184"}],"wp:term":[{"taxonomy":"category","embeddable":true,"href":"https:\/\/www.fuldaernachrichten.de\/index.php?rest_route=%2Fwp%2Fv2%2Fcategories&post=156184"},{"taxonomy":"post_tag","embeddable":true,"href":"https:\/\/www.fuldaernachrichten.de\/index.php?rest_route=%2Fwp%2Fv2%2Ftags&post=156184"}],"curies":[{"name":"wp","href":"https:\/\/api.w.org\/{rel}","templated":true}]}}