{"id":156183,"date":"2016-10-15T15:45:51","date_gmt":"2016-10-15T13:45:51","guid":{"rendered":"http:\/\/www.fuldaer-nachrichten.de\/?p=156183"},"modified":"2016-10-15T15:45:51","modified_gmt":"2016-10-15T13:45:51","slug":"kampagne-fuer-gesuendere-alltagsmobilitaet-mit-7-000-teilnehmern-in-hessen","status":"publish","type":"post","link":"https:\/\/www.fuldaernachrichten.de\/?p=156183","title":{"rendered":"Kampagne f\u00fcr ges\u00fcndere Alltagsmobilit\u00e4t mit 7.000 Teilnehmern in Hessen"},"content":{"rendered":"<p>Die gemeinsame Kampagne \u201eMit dem Rad zur Arbeit\u201c von ADFC und AOK Hessen hat im Sommer 2016 rund 7.000 Arbeitnehmer mobilisiert. Dabei galt es, das Rad in einem Zeitraum von vier Monaten an mindestens zwanzig Tagen auf dem Arbeitsweg zu benutzten.<\/p>\n<p>Nach \u00fcber zehn Jahren ist die bundesweite Aktion mit der Chance auf attraktive Preise ein fester Ankerpunkt f\u00fcr viele radfahrende Besch\u00e4ftigte in Hessen. Die Gewinner der Einzel- und Gruppenpreise werden in K\u00fcrze bekannt gegeben. Gewonnen hat auf jeden Fall die Umwelt: Rechnet man die von Mai bis August eingereichten Fahrrad-Kilometer in vermiedene Autoabgase um, ergibt dies eine CO2-Reduktion von 532.440 Kilogramm.<\/p>\n<p>Die Gr\u00fcnde, auf den Sattel umzusteigen, sind vielf\u00e4ltig. Die Vorteile lassen sich l\u00e4ngst mit Fakten aus zahlreichen europ\u00e4ischen Studien der vergangenen Jahre belegen: Regelm\u00e4\u00dfige Pedalisten sind messbar weniger krank, ausgeglichener, somit konzentrierter und produktiver. Sie sparen Geld f\u00fcr genussvollere Dinge als Sprit \u2013 und sie stehen nie im Stau.<\/p>\n","protected":false},"excerpt":{"rendered":"<div class=\"tmnf_excerpt\"><p>Die gemeinsame Kampagne \u201eMit dem Rad zur Arbeit\u201c von ADFC und AOK Hessen hat im Sommer 2016 rund 7.000 Arbeitnehmer mobilisiert. Dabei galt es, das Rad in einem Zeitraum von vier Monaten an mindestens zwanzig Tagen auf dem Arbeitsweg zu benutzten. Nach \u00fcber zehn Jahren ist die bundesweite Aktion mit der Chance auf attraktive Preise &hellip;<\/p>\n<\/div>","protected":false},"author":1,"featured_media":0,"comment_status":"closed","ping_status":"closed","sticky":false,"template":"","format":"standard","meta":{"footnotes":""},"categories":[1],"tags":[],"class_list":["post-156183","post","type-post","status-publish","format-standard","hentry","category-startseite"],"_links":{"self":[{"href":"https:\/\/www.fuldaernachrichten.de\/index.php?rest_route=\/wp\/v2\/posts\/156183","targetHints":{"allow":["GET"]}}],"collection":[{"href":"https:\/\/www.fuldaernachrichten.de\/index.php?rest_route=\/wp\/v2\/posts"}],"about":[{"href":"https:\/\/www.fuldaernachrichten.de\/index.php?rest_route=\/wp\/v2\/types\/post"}],"author":[{"embeddable":true,"href":"https:\/\/www.fuldaernachrichten.de\/index.php?rest_route=\/wp\/v2\/users\/1"}],"replies":[{"embeddable":true,"href":"https:\/\/www.fuldaernachrichten.de\/index.php?rest_route=%2Fwp%2Fv2%2Fcomments&post=156183"}],"version-history":[{"count":1,"href":"https:\/\/www.fuldaernachrichten.de\/index.php?rest_route=\/wp\/v2\/posts\/156183\/revisions"}],"predecessor-version":[{"id":156192,"href":"https:\/\/www.fuldaernachrichten.de\/index.php?rest_route=\/wp\/v2\/posts\/156183\/revisions\/156192"}],"wp:attachment":[{"href":"https:\/\/www.fuldaernachrichten.de\/index.php?rest_route=%2Fwp%2Fv2%2Fmedia&parent=156183"}],"wp:term":[{"taxonomy":"category","embeddable":true,"href":"https:\/\/www.fuldaernachrichten.de\/index.php?rest_route=%2Fwp%2Fv2%2Fcategories&post=156183"},{"taxonomy":"post_tag","embeddable":true,"href":"https:\/\/www.fuldaernachrichten.de\/index.php?rest_route=%2Fwp%2Fv2%2Ftags&post=156183"}],"curies":[{"name":"wp","href":"https:\/\/api.w.org\/{rel}","templated":true}]}}