{"id":156181,"date":"2016-10-15T15:46:17","date_gmt":"2016-10-15T13:46:17","guid":{"rendered":"http:\/\/www.fuldaer-nachrichten.de\/?p=156181"},"modified":"2016-10-15T15:46:17","modified_gmt":"2016-10-15T13:46:17","slug":"innenministerium-und-landesfeuerwehrverband-starten-integrationskampagne","status":"publish","type":"post","link":"https:\/\/www.fuldaernachrichten.de\/?p=156181","title":{"rendered":"Innenministerium und Landesfeuerwehrverband starten Integrationskampagne"},"content":{"rendered":"<p>Das Hessische Innenministerium und der Landesfeuerwehrverband Hessen (LFV) haben eine \u201eIntegrationskampagne Brandschutz\u201c gestartet, die \u00fcber mehrere Jahre laufen soll. Ziel der Kampagne sei es, einerseits Menschen mit Migrationshintergrund direkter anzusprechen und andererseits auch den Kameradinnen und Kameraden der Feuerwehren Hilfestellungen daf\u00fcr zu geben, wie sie Frauen und M\u00e4nner mit ausl\u00e4ndischen Wurzeln besser integrieren k\u00f6nnen, so Staatssekret\u00e4r Werner Koch. Erste Ma\u00dfnahmen des Innenministeriums sind die Auslobung eines Integrationspreises Brandschutz und das Angebot von zwei neuen Seminaren an der Hessischen Landesfeuerwehrschule in Kassel.<\/p>\n<p>\u201eZentrale Voraussetzung f\u00fcr die Integration von Menschen mit einem Migrationshintergrund oder von Fl\u00fcchtlingen ist das gegenseitige Verst\u00e4ndnis. Dieses wollen wir mit dem Angebot von zwei aufeinander aufbauenden zweit\u00e4gigen Seminaren an der Landesfeuerwehrschule in Kassel f\u00f6rdern\u201c, so Staatssekret\u00e4r Werner Koch.<\/p>\n<p>Die Seminare f\u00fcr Feuerwehrangeh\u00f6rige gliedern sich auf in ein erstes Modul, das die interkulturelle Kompetenz st\u00e4rken soll, und ein darauf aufbauendes Seminar, das die F\u00e4higkeiten und Fertigkeiten zur Interkulturellen Beraterin oder zum Interkulturellen Berater f\u00fcr Feuerwehren vermittelt. Die ersten Seminare finden im Oktober und November dieses Jahres statt.<\/p>\n<p>Zus\u00e4tzlich zu den Seminaren hat das Innenministerium einen Feuerwehr-Integrationspreis ausgelobt, bei dem sich Feuerwehren bewerben k\u00f6nnen, die gute Integrationsprojekte durchgef\u00fchrt haben. Es stehen Preisgelder in H\u00f6he von insgesamt 6.000 Euro zur Verf\u00fcgung.<\/p>\n<p>\u201eEs gilt, im Rahmen der Ver\u00e4nderung der Bev\u00f6lkerung auch bisher noch nicht so in der Feuerwehr vertretene Bev\u00f6lkerungsgruppen anzusprechen. Viele Menschen finden nicht den Weg zur Feuerwehr, weil Ihnen nicht bewusst ist, wie Feuerwehr funktioniert. Oftmals ist nicht die Kultur der Freiwilligen Feuerwehren \u2013 ein Ehrenamt bei dem Jede oder Jeder mitwirken kann \u2013 bekannt. Die gemeinsame Integrationskampagne Brandschutz wird dabei helfen, dass Migrantinnen und Migranten sowie die Feuerwehren weiter aufeinander zugehen\u201c, so LFV-Pr\u00e4sident Dr. h.c. Ralf Ackermann.<\/p>\n<p>Koordiniert werden die Ma\u00dfnahmen der Integrationskampagne von einem neu gegr\u00fcndeten \u201eIntegrationsbeirat Brandschutz\u201c in dem alle ma\u00dfgeblichen Organisationen vertreten sind: das Innenministerium, das Sozialministerium, der LFV, die Hessische Feuerwehr-Stiftung, die Unfallkasse Hessen, die kommunalen Spitzenverb\u00e4nde, die Arbeitsgemeinschaft der Ausl\u00e4nderbeir\u00e4te Hessen und das Integrationsb\u00fcro des Kreises Offenbach, das mit seiner Erfahrung die Kampagne unterst\u00fctzt.<\/p>\n","protected":false},"excerpt":{"rendered":"<div class=\"tmnf_excerpt\"><p>Das Hessische Innenministerium und der Landesfeuerwehrverband Hessen (LFV) haben eine \u201eIntegrationskampagne Brandschutz\u201c gestartet, die \u00fcber mehrere Jahre laufen soll. Ziel der Kampagne sei es, einerseits Menschen mit Migrationshintergrund direkter anzusprechen und andererseits auch den Kameradinnen und Kameraden der Feuerwehren Hilfestellungen daf\u00fcr zu geben, wie sie Frauen und M\u00e4nner mit ausl\u00e4ndischen Wurzeln besser integrieren k\u00f6nnen, so &hellip;<\/p>\n<\/div>","protected":false},"author":1,"featured_media":0,"comment_status":"closed","ping_status":"closed","sticky":false,"template":"","format":"standard","meta":{"footnotes":""},"categories":[1],"tags":[],"class_list":["post-156181","post","type-post","status-publish","format-standard","hentry","category-startseite"],"_links":{"self":[{"href":"https:\/\/www.fuldaernachrichten.de\/index.php?rest_route=\/wp\/v2\/posts\/156181","targetHints":{"allow":["GET"]}}],"collection":[{"href":"https:\/\/www.fuldaernachrichten.de\/index.php?rest_route=\/wp\/v2\/posts"}],"about":[{"href":"https:\/\/www.fuldaernachrichten.de\/index.php?rest_route=\/wp\/v2\/types\/post"}],"author":[{"embeddable":true,"href":"https:\/\/www.fuldaernachrichten.de\/index.php?rest_route=\/wp\/v2\/users\/1"}],"replies":[{"embeddable":true,"href":"https:\/\/www.fuldaernachrichten.de\/index.php?rest_route=%2Fwp%2Fv2%2Fcomments&post=156181"}],"version-history":[{"count":1,"href":"https:\/\/www.fuldaernachrichten.de\/index.php?rest_route=\/wp\/v2\/posts\/156181\/revisions"}],"predecessor-version":[{"id":156196,"href":"https:\/\/www.fuldaernachrichten.de\/index.php?rest_route=\/wp\/v2\/posts\/156181\/revisions\/156196"}],"wp:attachment":[{"href":"https:\/\/www.fuldaernachrichten.de\/index.php?rest_route=%2Fwp%2Fv2%2Fmedia&parent=156181"}],"wp:term":[{"taxonomy":"category","embeddable":true,"href":"https:\/\/www.fuldaernachrichten.de\/index.php?rest_route=%2Fwp%2Fv2%2Fcategories&post=156181"},{"taxonomy":"post_tag","embeddable":true,"href":"https:\/\/www.fuldaernachrichten.de\/index.php?rest_route=%2Fwp%2Fv2%2Ftags&post=156181"}],"curies":[{"name":"wp","href":"https:\/\/api.w.org\/{rel}","templated":true}]}}