{"id":15613,"date":"2008-12-04T07:08:22","date_gmt":"2008-12-04T06:08:22","guid":{"rendered":"http:\/\/www.schoene-nachrichten.de\/?p=15613"},"modified":"2008-12-04T07:33:32","modified_gmt":"2008-12-04T06:33:32","slug":"das-verschneite-buedingen-stimmt-sich-auf-den-weihnachtszauber-am-wochenende-ein","status":"publish","type":"post","link":"https:\/\/www.fuldaernachrichten.de\/?p=15613","title":{"rendered":"Das verschneite B\u00fcdingen stimmt sich auf den \u201eWeihnachtszauber\u201c am Wochenende ein"},"content":{"rendered":"<p><a rel=\"lightbox[roadtrip]\" href=\"http:\/\/www.schoene-nachrichten.de\/wp-content\/uploads\/2008\/12\/081203-weihachtszauber.jpg\" target=\"_blank\"><img decoding=\"async\" class=\"alignnone size-medium wp-image-15614\" title=\"081203-weihachtszauber\" src=\"http:\/\/www.schoene-nachrichten.de\/wp-content\/uploads\/2008\/12\/081203-weihachtszauber-128x96.jpg\" alt=\"\" hspace=\"5\" width=\"128\" height=\"96\" align=\"left\" srcset=\"https:\/\/www.fuldaernachrichten.de\/wp-content\/uploads\/2008\/12\/081203-weihachtszauber-128x96.jpg 128w, https:\/\/www.fuldaernachrichten.de\/wp-content\/uploads\/2008\/12\/081203-weihachtszauber.jpg 800w\" sizes=\"(max-width: 128px) 100vw, 128px\" \/><\/a><strong>B\u00fcdingen.<\/strong> Passend zum B\u00fcdinger \u201eWeihnachtszauber\u201c am kommenden Wochenende pr\u00e4sentiert sich die B\u00fcdinger Altstadt winterlich verschneit. Ann\u00e4hernd 100 H\u00e4ndler und viele B\u00fcdinger Vereine mit ihren liebevoll gestalteten St\u00e4nden werden die festlich beleuchtete Altstadt wieder zu einem vorweihnachtlichen H\u00f6hepunkt verwandeln. Im Oberhof, im Pferdestall und im S\u00e4lchen der Musik- und Kunstschule zeigen K\u00fcnstler und Kunstaussteller ihr K\u00f6nnen. Eine weitere Attraktion im Oberhof ist die \u201elebende Krippe\u201c mit Schafen und Eseln. Am Samstag gegen 17:00 Uhr wird der Nikolaus hoch zu Ross bei dem Umzug durch die Altstadt die Kinderherzen h\u00f6her schlagen lassen. Weiter Informationen unter: <a href=\"http:\/\/www.stadt-buedingen.net\" target=\"_blank\">www.stadt-buedingen.net<\/a><\/p>\n","protected":false},"excerpt":{"rendered":"<div class=\"tmnf_excerpt\"><p>B\u00fcdingen. Passend zum B\u00fcdinger \u201eWeihnachtszauber\u201c am kommenden Wochenende pr\u00e4sentiert sich die B\u00fcdinger Altstadt winterlich verschneit. Ann\u00e4hernd 100 H\u00e4ndler und viele B\u00fcdinger Vereine mit ihren liebevoll gestalteten St\u00e4nden werden die festlich beleuchtete Altstadt wieder zu einem vorweihnachtlichen H\u00f6hepunkt verwandeln. Im Oberhof, im Pferdestall und im S\u00e4lchen der Musik- und Kunstschule zeigen K\u00fcnstler und Kunstaussteller ihr K\u00f6nnen. &hellip;<\/p>\n<\/div>","protected":false},"author":1,"featured_media":0,"comment_status":"closed","ping_status":"closed","sticky":false,"template":"","format":"standard","meta":{"footnotes":""},"categories":[1,37,44],"tags":[],"class_list":["post-15613","post","type-post","status-publish","format-standard","hentry","category-startseite","category-essen-und-trinken","category-kultur"],"_links":{"self":[{"href":"https:\/\/www.fuldaernachrichten.de\/index.php?rest_route=\/wp\/v2\/posts\/15613","targetHints":{"allow":["GET"]}}],"collection":[{"href":"https:\/\/www.fuldaernachrichten.de\/index.php?rest_route=\/wp\/v2\/posts"}],"about":[{"href":"https:\/\/www.fuldaernachrichten.de\/index.php?rest_route=\/wp\/v2\/types\/post"}],"author":[{"embeddable":true,"href":"https:\/\/www.fuldaernachrichten.de\/index.php?rest_route=\/wp\/v2\/users\/1"}],"replies":[{"embeddable":true,"href":"https:\/\/www.fuldaernachrichten.de\/index.php?rest_route=%2Fwp%2Fv2%2Fcomments&post=15613"}],"version-history":[{"count":2,"href":"https:\/\/www.fuldaernachrichten.de\/index.php?rest_route=\/wp\/v2\/posts\/15613\/revisions"}],"predecessor-version":[{"id":15626,"href":"https:\/\/www.fuldaernachrichten.de\/index.php?rest_route=\/wp\/v2\/posts\/15613\/revisions\/15626"}],"wp:attachment":[{"href":"https:\/\/www.fuldaernachrichten.de\/index.php?rest_route=%2Fwp%2Fv2%2Fmedia&parent=15613"}],"wp:term":[{"taxonomy":"category","embeddable":true,"href":"https:\/\/www.fuldaernachrichten.de\/index.php?rest_route=%2Fwp%2Fv2%2Fcategories&post=15613"},{"taxonomy":"post_tag","embeddable":true,"href":"https:\/\/www.fuldaernachrichten.de\/index.php?rest_route=%2Fwp%2Fv2%2Ftags&post=15613"}],"curies":[{"name":"wp","href":"https:\/\/api.w.org\/{rel}","templated":true}]}}