{"id":156072,"date":"2016-10-13T07:45:06","date_gmt":"2016-10-13T05:45:06","guid":{"rendered":"http:\/\/www.fuldaer-nachrichten.de\/?p=156072"},"modified":"2016-10-13T07:45:06","modified_gmt":"2016-10-13T05:45:06","slug":"gerhild-hoenke-carl-feierte-25jaehriges-meisterjubilaeum","status":"publish","type":"post","link":"https:\/\/www.fuldaernachrichten.de\/?p=156072","title":{"rendered":"Gerhild Hoenke-Carl feierte 25j\u00e4hriges Meisterjubil\u00e4um"},"content":{"rendered":"<p>Gerhild Hoenke-Carl (52) konnte jetzt ihr 25j\u00e4hriges Meisterjubil\u00e4um begehen. Die Jubilarin ist bereits seit 36 Jahren im Friseurhandwerk t\u00e4tig.\u00c2\u00a0 1980 begann sie ihre Ausbildung im Salon Carola Wehner in Fulda, die sie 1983 mit der Gesellenpr\u00fcfung abschloss. Nach einigen Gesellenjahren in ihrem Handwerk legte sie 1991 erfolgreich die Meisterpr\u00fcfung in Frankfurt\/M. ab. Noch im gleichen Jahr er\u00f6ffnete sie ein eigenes Friseurgesch\u00e4ft in K\u00fcnzell und f\u00fchrte dies bis 2002. Von 2003 bis 2013 war sie als Salonleiterin und Ausbilderin in Fulda t\u00e4tig. Im Jahre 2013 entschloss sie sich wieder zur Selbstst\u00e4ndigkeit und betreibt seitdem mit viel Freude in Petersberg-Steinau wieder einen eigenen Salon. Dietmar Weidenb\u00f6rner, Gesch\u00e4ftsf\u00fchrer der Kreishandwerkerschaft Fulda, gratulierte im Namen der Friseur-Innung Fulda zum Jubil\u00e4um und \u00fcberreichte eine Ehrenurkunde.<\/p>\n","protected":false},"excerpt":{"rendered":"<div class=\"tmnf_excerpt\"><p>Gerhild Hoenke-Carl (52) konnte jetzt ihr 25j\u00e4hriges Meisterjubil\u00e4um begehen. Die Jubilarin ist bereits seit 36 Jahren im Friseurhandwerk t\u00e4tig.\u00c2\u00a0 1980 begann sie ihre Ausbildung im Salon Carola Wehner in Fulda, die sie 1983 mit der Gesellenpr\u00fcfung abschloss. Nach einigen Gesellenjahren in ihrem Handwerk legte sie 1991 erfolgreich die Meisterpr\u00fcfung in Frankfurt\/M. ab. Noch im gleichen &hellip;<\/p>\n<\/div>","protected":false},"author":1,"featured_media":156076,"comment_status":"closed","ping_status":"closed","sticky":false,"template":"","format":"standard","meta":{"footnotes":""},"categories":[1],"tags":[],"class_list":["post-156072","post","type-post","status-publish","format-standard","has-post-thumbnail","hentry","category-startseite"],"_links":{"self":[{"href":"https:\/\/www.fuldaernachrichten.de\/index.php?rest_route=\/wp\/v2\/posts\/156072","targetHints":{"allow":["GET"]}}],"collection":[{"href":"https:\/\/www.fuldaernachrichten.de\/index.php?rest_route=\/wp\/v2\/posts"}],"about":[{"href":"https:\/\/www.fuldaernachrichten.de\/index.php?rest_route=\/wp\/v2\/types\/post"}],"author":[{"embeddable":true,"href":"https:\/\/www.fuldaernachrichten.de\/index.php?rest_route=\/wp\/v2\/users\/1"}],"replies":[{"embeddable":true,"href":"https:\/\/www.fuldaernachrichten.de\/index.php?rest_route=%2Fwp%2Fv2%2Fcomments&post=156072"}],"version-history":[{"count":1,"href":"https:\/\/www.fuldaernachrichten.de\/index.php?rest_route=\/wp\/v2\/posts\/156072\/revisions"}],"predecessor-version":[{"id":156077,"href":"https:\/\/www.fuldaernachrichten.de\/index.php?rest_route=\/wp\/v2\/posts\/156072\/revisions\/156077"}],"wp:featuredmedia":[{"embeddable":true,"href":"https:\/\/www.fuldaernachrichten.de\/index.php?rest_route=\/wp\/v2\/media\/156076"}],"wp:attachment":[{"href":"https:\/\/www.fuldaernachrichten.de\/index.php?rest_route=%2Fwp%2Fv2%2Fmedia&parent=156072"}],"wp:term":[{"taxonomy":"category","embeddable":true,"href":"https:\/\/www.fuldaernachrichten.de\/index.php?rest_route=%2Fwp%2Fv2%2Fcategories&post=156072"},{"taxonomy":"post_tag","embeddable":true,"href":"https:\/\/www.fuldaernachrichten.de\/index.php?rest_route=%2Fwp%2Fv2%2Ftags&post=156072"}],"curies":[{"name":"wp","href":"https:\/\/api.w.org\/{rel}","templated":true}]}}